{"id":25786,"date":"2024-06-27T13:46:32","date_gmt":"2024-06-27T16:46:32","guid":{"rendered":"https:\/\/www.teatrodelbicentenariosanjuan.org\/?p=25786"},"modified":"2024-06-27T13:46:32","modified_gmt":"2024-06-27T16:46:32","slug":"los-nocheros-celebran-los-25-anos-de-signos-en-el-tb","status":"publish","type":"post","link":"https:\/\/www.teatrodelbicentenariosanjuan.org\/en\/novedades\/los-nocheros-celebran-los-25-anos-de-signos-en-el-tb\/","title":{"rendered":"LOS NOCHEROS CELEBRAN LOS 25 A\u00d1OS DE \u201cSIGNOS\u201d EN EL TB"},"content":{"rendered":"<p dir=\"ltr\">El grupo \u00edcono del folklore regresa a la provincia con un show imperdible que revive uno de sus discos m\u00e1s importantes el pr\u00f3ximo 23 de agosto, en la Sala Principal del TB. Entradas en venta<\/p>\n<p dir=\"ltr\">El Teatro del Bicentenario, dependiente del Ministerio de Turismo, Cultura y Deporte, invita a disfrutar los 25 a\u00f1os de \u201cSignos\u201d, el disco de Los Nocheros que marc\u00f3 un antes y despu\u00e9s en el folklore argentino.<\/p>\n<p dir=\"ltr\">Con m\u00e1s de 25 \u00e1lbumes publicados, m\u00e1s de 3 millones de copias vendidas, m\u00faltiples Premios Gardel y Grammy Latino, y miles de kil\u00f3metros recorridos, la banda ha dejado una huella imborrable en la m\u00fasica nacional.<\/p>\n<p dir=\"ltr\">Su estilo \u00fanico, que combina apego a las ra\u00edces folkl\u00f3ricas con arreglos novedosos y un toque rom\u00e1ntico caracter\u00edstico, les ha valido el reconocimiento como uno de los grupos m\u00e1s importantes del g\u00e9nero.<\/p>\n<p dir=\"ltr\">\u00abSignos\u00bb, el cuarto \u00e1lbum de estudio de Los Nocheros, se convirti\u00f3 en un verdadero \u00e9xito popular y consolid\u00f3 a la agrupaci\u00f3n como una de las m\u00e1s queridas del pa\u00eds.<\/p>\n<p dir=\"ltr\">En esta noche especial, el p\u00fablico podr\u00e1 disfrutar de canciones como \u00abEntre la Tierra y el cielo\u00bb, \u00abLa Yapa\u00bb, \u00abCosa Peligrosa\u00bb, \u00abSignos\u00bb y \u00abChacarera del Rancho\u00bb, entre otras. Un disco con un aire renovado, nuevos aportes vocales y ajustes musicales, pero con la misma pasi\u00f3n de siempre.<\/p>\n<p dir=\"ltr\">La cita es el viernes 23 de agosto a las 22hs en la Sala Principal del Teatro del Bicentenario. Las entradas pueden adquirirse por boleter\u00eda del TB de lunes a viernes de 9:30 a 14hs, 16 a 20hs, y los s\u00e1bados de 10 a 14hs. Tambi\u00e9n se encuentran a la venta ONLINE a trav\u00e9s de TuEntrada.com <a href=\"https:\/\/www.tuentrada.com\/eventos\/detalle\/los-nocheros-SJ\/662033707779\" target=\"_blank\" rel=\"noopener\" data-saferedirecturl=\"https:\/\/www.google.com\/url?q=https:\/\/www.tuentrada.com\/eventos\/detalle\/los-nocheros-SJ\/662033707779&amp;source=gmail&amp;ust=1719584657249000&amp;usg=AOvVaw0KiTsJ_AK8P5YK6v9mpIox\">https:\/\/www.tuentrada.com\/<wbr \/>eventos\/detalle\/los-nocheros-<wbr \/>SJ\/662033707779<\/a><\/p>","protected":false},"excerpt":{"rendered":"<p>El grupo \u00edcono del folklore regresa a la provincia con un show imperdible que revive uno de sus discos m\u00e1s importantes el pr\u00f3ximo 23 de agosto, en la Sala Principal del TB. Entradas en venta El Teatro del Bicentenario, dependiente del Ministerio de Turismo, Cultura&#8230;<\/p>","protected":false},"author":4,"featured_media":25787,"comment_status":"closed","ping_status":"closed","sticky":false,"template":"","format":"standard","meta":{"h5ap_radio_sources":[],"footnotes":""},"categories":[99],"tags":[],"class_list":["post-25786","post","type-post","status-publish","format-standard","has-post-thumbnail","hentry","category-novedades"],"_links":{"self":[{"href":"https:\/\/www.teatrodelbicentenariosanjuan.org\/en\/wp-json\/wp\/v2\/posts\/25786","targetHints":{"allow":["GET"]}}],"collection":[{"href":"https:\/\/www.teatrodelbicentenariosanjuan.org\/en\/wp-json\/wp\/v2\/posts"}],"about":[{"href":"https:\/\/www.teatrodelbicentenariosanjuan.org\/en\/wp-json\/wp\/v2\/types\/post"}],"author":[{"embeddable":true,"href":"https:\/\/www.teatrodelbicentenariosanjuan.org\/en\/wp-json\/wp\/v2\/users\/4"}],"replies":[{"embeddable":true,"href":"https:\/\/www.teatrodelbicentenariosanjuan.org\/en\/wp-json\/wp\/v2\/comments?post=25786"}],"version-history":[{"count":1,"href":"https:\/\/www.teatrodelbicentenariosanjuan.org\/en\/wp-json\/wp\/v2\/posts\/25786\/revisions"}],"predecessor-version":[{"id":25788,"href":"https:\/\/www.teatrodelbicentenariosanjuan.org\/en\/wp-json\/wp\/v2\/posts\/25786\/revisions\/25788"}],"wp:featuredmedia":[{"embeddable":true,"href":"https:\/\/www.teatrodelbicentenariosanjuan.org\/en\/wp-json\/wp\/v2\/media\/25787"}],"wp:attachment":[{"href":"https:\/\/www.teatrodelbicentenariosanjuan.org\/en\/wp-json\/wp\/v2\/media?parent=25786"}],"wp:term":[{"taxonomy":"category","embeddable":true,"href":"https:\/\/www.teatrodelbicentenariosanjuan.org\/en\/wp-json\/wp\/v2\/categories?post=25786"},{"taxonomy":"post_tag","embeddable":true,"href":"https:\/\/www.teatrodelbicentenariosanjuan.org\/en\/wp-json\/wp\/v2\/tags?post=25786"}],"curies":[{"name":"wp","href":"https:\/\/api.w.org\/{rel}","templated":true}]}}