{"id":25833,"date":"2024-07-11T09:55:58","date_gmt":"2024-07-11T12:55:58","guid":{"rendered":"https:\/\/www.teatrodelbicentenariosanjuan.org\/?p=25833"},"modified":"2024-07-15T12:39:05","modified_gmt":"2024-07-15T15:39:05","slug":"el-espectaculo-flamenco-voces-del-alma-suma-una-funcion-en-el-tb","status":"publish","type":"post","link":"https:\/\/www.teatrodelbicentenariosanjuan.org\/en\/novedades\/el-espectaculo-flamenco-voces-del-alma-suma-una-funcion-en-el-tb\/","title":{"rendered":"EL ESPECT\u00c1CULO FLAMENCO\u00a0 \u201cVOCES DEL ALMA\u201d SUMA UNA FUNCI\u00d3N EN EL TB"},"content":{"rendered":"<div>\n<p dir=\"ltr\"><em>Tras agotar entradas en su primera funci\u00f3n, la compa\u00f1\u00eda Canela y Fuego suma una segunda el pr\u00f3ximo s\u00e1bado 27 de julio, a las 21 hs, en la Sala Audit\u00f3rium del TB. Entradas a la venta.\u00a0<\/em><\/p>\n<p dir=\"ltr\">El Ministerio de Turismo, Cultura y Deporte, a trav\u00e9s del Teatro del Bicentenario, presenta \u201cVoces del alma\u201d, a cargo de la compa\u00f1\u00eda Canela y Fuego, bajo la direcci\u00f3n de Mar\u00eda Eugenia Maldonado y con coreograf\u00eda de Hugo \u00c1lvarez.<\/p>\n<p dir=\"ltr\">El alma que habita nuestro cuerpo encuentra su expresi\u00f3n m\u00e1s profunda a trav\u00e9s del movimiento y la danza, cuando las palabras no son suficientes para transmitir lo que realmente sentimos. Como dicen, \u00abel cuerpo grita lo que el alma calla\u00bb.<\/p>\n<p dir=\"ltr\">En esta ocasi\u00f3n, la compa\u00f1\u00eda Canela y Fuego nos invita a explorar las amistades, el amor, los desaf\u00edos de aprender y la resistencia a vivir alienados en la era digital. A trav\u00e9s del baile flamenco, nos muestran c\u00f3mo los valores m\u00e1s elementales y aquellos que cre\u00edamos secundarios siguen siendo temas terrenales sobre los cuales el alma tiene mucho para decir.<\/p>\n<p>&nbsp;<\/p>\n<p dir=\"ltr\">La compa\u00f1\u00eda flamenca que llega al TB por primera vez, deleitar\u00e1 al p\u00fablico durante 75 minutos, transport\u00e1ndolo \u201ca una dimensi\u00f3n donde solo se puede entrar bailando\u201d a trav\u00e9s de una experiencia sensorial \u00fanica.\u00a0<\/p>\n<p>&nbsp;<\/p>\n<p>Voces del Alma llega a la Sala Audit\u00f3rium del Teatro del Bicentenario el viernes 26 de julio, a las 21:30hs, con <strong>entradas agotadas<\/strong>, y agrega una funci\u00f3n el<strong> s\u00e1bado 27, a las 21 hs<\/strong>. La entrada general de $6500 se encuentra disponible en Boleter\u00eda de lunes a viernes de 9:30 a 14hs, 16 a 20hs, y los s\u00e1bados de 10 a 14hs, o el d\u00eda de la funci\u00f3n desde una hora antes de la misma. Tambi\u00e9n se encuentra disponible online a trav\u00e9s de TuEntrada.com <a href=\"https:\/\/tbsj.tuentrada.com\/selection\/event\/date?productId=10229036586887\" target=\"_blank\" rel=\"noopener\" data-saferedirecturl=\"https:\/\/www.google.com\/url?q=https:\/\/tbsj.tuentrada.com\/selection\/event\/date?productId%3D10229036586887&amp;source=gmail&amp;ust=1720788610483000&amp;usg=AOvVaw0zrfbkpDjzLqSSt2dU38FA\">https:\/\/tbsj.tuentrada.com\/<wbr \/>selection\/event\/date?<wbr \/>productId=10229036586887<\/a><\/p>\n<\/div>","protected":false},"excerpt":{"rendered":"<p>Tras agotar entradas en su primera funci\u00f3n, la compa\u00f1\u00eda Canela y Fuego suma una segunda el pr\u00f3ximo s\u00e1bado 27 de julio, a las 21 hs, en la Sala Audit\u00f3rium del TB. Entradas a la venta.\u00a0 El Ministerio de Turismo, Cultura y Deporte, a trav\u00e9s del&#8230;<\/p>","protected":false},"author":4,"featured_media":25795,"comment_status":"closed","ping_status":"closed","sticky":false,"template":"","format":"standard","meta":{"h5ap_radio_sources":[],"footnotes":""},"categories":[99],"tags":[],"class_list":["post-25833","post","type-post","status-publish","format-standard","has-post-thumbnail","hentry","category-novedades"],"_links":{"self":[{"href":"https:\/\/www.teatrodelbicentenariosanjuan.org\/en\/wp-json\/wp\/v2\/posts\/25833","targetHints":{"allow":["GET"]}}],"collection":[{"href":"https:\/\/www.teatrodelbicentenariosanjuan.org\/en\/wp-json\/wp\/v2\/posts"}],"about":[{"href":"https:\/\/www.teatrodelbicentenariosanjuan.org\/en\/wp-json\/wp\/v2\/types\/post"}],"author":[{"embeddable":true,"href":"https:\/\/www.teatrodelbicentenariosanjuan.org\/en\/wp-json\/wp\/v2\/users\/4"}],"replies":[{"embeddable":true,"href":"https:\/\/www.teatrodelbicentenariosanjuan.org\/en\/wp-json\/wp\/v2\/comments?post=25833"}],"version-history":[{"count":2,"href":"https:\/\/www.teatrodelbicentenariosanjuan.org\/en\/wp-json\/wp\/v2\/posts\/25833\/revisions"}],"predecessor-version":[{"id":25840,"href":"https:\/\/www.teatrodelbicentenariosanjuan.org\/en\/wp-json\/wp\/v2\/posts\/25833\/revisions\/25840"}],"wp:featuredmedia":[{"embeddable":true,"href":"https:\/\/www.teatrodelbicentenariosanjuan.org\/en\/wp-json\/wp\/v2\/media\/25795"}],"wp:attachment":[{"href":"https:\/\/www.teatrodelbicentenariosanjuan.org\/en\/wp-json\/wp\/v2\/media?parent=25833"}],"wp:term":[{"taxonomy":"category","embeddable":true,"href":"https:\/\/www.teatrodelbicentenariosanjuan.org\/en\/wp-json\/wp\/v2\/categories?post=25833"},{"taxonomy":"post_tag","embeddable":true,"href":"https:\/\/www.teatrodelbicentenariosanjuan.org\/en\/wp-json\/wp\/v2\/tags?post=25833"}],"curies":[{"name":"wp","href":"https:\/\/api.w.org\/{rel}","templated":true}]}}