{"id":25855,"date":"2024-07-22T12:23:57","date_gmt":"2024-07-22T15:23:57","guid":{"rendered":"https:\/\/www.teatrodelbicentenariosanjuan.org\/?p=25855"},"modified":"2024-07-22T12:24:40","modified_gmt":"2024-07-22T15:24:40","slug":"para-los-amantes-del-jazz-se-viene-un-gran-ciclo-en-el-tb","status":"publish","type":"post","link":"https:\/\/www.teatrodelbicentenariosanjuan.org\/en\/novedades\/para-los-amantes-del-jazz-se-viene-un-gran-ciclo-en-el-tb\/","title":{"rendered":"PARA LOS AMANTES DEL JAZZ, SE VIENE UN GRAN CICLO EN EL TB"},"content":{"rendered":"<p><em>El ciclo de jazz con artistas locales e internacionales se desarrollar\u00e1 mensualmente en la Sala Audit\u00f3rium del TB. Los tr\u00edos de GON y Abel Herrera dar\u00e1n el puntapi\u00e9 inicial el jueves 29 de agosto. Entradas a la venta.<\/em><\/p>\n<p>\nEl Ministerio de Turismo, Cultura y Deporte, a trav\u00e9s del Teatro del Bicentenario presenta un imperdible ciclo de la mano de la fundaci\u00f3n Circuito Argentino de Jazz que reunir\u00e1 a talentosos artistas a nivel local, nacional e internacional. Se trata de una programaci\u00f3n de cinco noches en total (de agosto a diciembre) donde el p\u00fablico sanjuanino podr\u00e1 disfrutar de distintos estilos y formatos de jazz.<\/p>\n<p>La apertura de esta segunda mitad del a\u00f1o a puro jazz estar\u00e1 a cargo de dos grupos locales, GON y Abel Herrera Tr\u00edo.<\/p>\n<p>Formado por Maximiliano Gonz\u00e1lez en piano, Agust\u00edn D\u00edas en bajo el\u00e9ctrico y contrabajo y Tom\u00e1s G\u00f3mez en bater\u00eda, GON es un emocionante tr\u00edo emergente de jazz contempor\u00e1neo. Con un enfoque fresco y vers\u00e1til, el suyo promete ser un jazz fusionado con influencias de bossa nova hasta R&amp;B. La banda est\u00e1 trabajando en la producci\u00f3n de su pr\u00f3ximo \u00e1lbum, que promete sorprender a los oyentes con una fusi\u00f3n de g\u00e9neros a\u00fan m\u00e1s audaz y con melod\u00edas originales.<\/p>\n<p>Adem\u00e1s, Abel Herrera Tr\u00edo presentar\u00e1 una particular amalgama de composiciones instrumentales propias. Con influencias que van desde el jazz tradicional hasta el jazz latino, el rock y el chill out, resultando en una sonoridad que equilibra lo cl\u00e1sico con lo moderno. Actualmente, el tr\u00edo est\u00e1 compuesto por Nicol\u00e1s Bustos en bajo, Federico Samat en bater\u00eda y Abel Herrera en piano y composici\u00f3n.<\/p>\n<p>La primera noche del Ciclo de Jazz ser\u00e1 el pr\u00f3ximo jueves 29 de agosto, a las 21:30hs. La entrada general de $4000 se encuentra disponible en Boleter\u00eda de lunes a viernes de 9:30 a 14hs, 16 a 20hs, y los s\u00e1bados de 10 a 14hs. Tambi\u00e9n se puede adquirir ONLINE en TuEntrada.com <a href=\"https:\/\/tbsj.tuentrada.com\/selection\/event\/date?productId=10229044946639\">https:\/\/tbsj.tuentrada.com\/selection\/event\/date?productId=10229044946639<\/a><\/p>\n<p>&nbsp;<\/p>","protected":false},"excerpt":{"rendered":"<p>El ciclo de jazz con artistas locales e internacionales se desarrollar\u00e1 mensualmente en la Sala Audit\u00f3rium del TB. Los tr\u00edos de GON y Abel Herrera dar\u00e1n el puntapi\u00e9 inicial el jueves 29 de agosto. Entradas a la venta. El Ministerio de Turismo, Cultura y Deporte,&#8230;<\/p>","protected":false},"author":4,"featured_media":25856,"comment_status":"closed","ping_status":"closed","sticky":false,"template":"","format":"standard","meta":{"h5ap_radio_sources":[],"footnotes":""},"categories":[99],"tags":[],"class_list":["post-25855","post","type-post","status-publish","format-standard","has-post-thumbnail","hentry","category-novedades"],"_links":{"self":[{"href":"https:\/\/www.teatrodelbicentenariosanjuan.org\/en\/wp-json\/wp\/v2\/posts\/25855","targetHints":{"allow":["GET"]}}],"collection":[{"href":"https:\/\/www.teatrodelbicentenariosanjuan.org\/en\/wp-json\/wp\/v2\/posts"}],"about":[{"href":"https:\/\/www.teatrodelbicentenariosanjuan.org\/en\/wp-json\/wp\/v2\/types\/post"}],"author":[{"embeddable":true,"href":"https:\/\/www.teatrodelbicentenariosanjuan.org\/en\/wp-json\/wp\/v2\/users\/4"}],"replies":[{"embeddable":true,"href":"https:\/\/www.teatrodelbicentenariosanjuan.org\/en\/wp-json\/wp\/v2\/comments?post=25855"}],"version-history":[{"count":2,"href":"https:\/\/www.teatrodelbicentenariosanjuan.org\/en\/wp-json\/wp\/v2\/posts\/25855\/revisions"}],"predecessor-version":[{"id":25858,"href":"https:\/\/www.teatrodelbicentenariosanjuan.org\/en\/wp-json\/wp\/v2\/posts\/25855\/revisions\/25858"}],"wp:featuredmedia":[{"embeddable":true,"href":"https:\/\/www.teatrodelbicentenariosanjuan.org\/en\/wp-json\/wp\/v2\/media\/25856"}],"wp:attachment":[{"href":"https:\/\/www.teatrodelbicentenariosanjuan.org\/en\/wp-json\/wp\/v2\/media?parent=25855"}],"wp:term":[{"taxonomy":"category","embeddable":true,"href":"https:\/\/www.teatrodelbicentenariosanjuan.org\/en\/wp-json\/wp\/v2\/categories?post=25855"},{"taxonomy":"post_tag","embeddable":true,"href":"https:\/\/www.teatrodelbicentenariosanjuan.org\/en\/wp-json\/wp\/v2\/tags?post=25855"}],"curies":[{"name":"wp","href":"https:\/\/api.w.org\/{rel}","templated":true}]}}