{"id":25870,"date":"2024-07-31T09:11:01","date_gmt":"2024-07-31T12:11:01","guid":{"rendered":"https:\/\/www.teatrodelbicentenariosanjuan.org\/?p=25870"},"modified":"2024-07-31T10:13:37","modified_gmt":"2024-07-31T13:13:37","slug":"silas-bassa-regresa-al-tb-con-una-propuesta-multisensorial","status":"publish","type":"post","link":"https:\/\/www.teatrodelbicentenariosanjuan.org\/en\/novedades\/silas-bassa-regresa-al-tb-con-una-propuesta-multisensorial\/","title":{"rendered":"SILAS BASSA REGRESA AL TB CON UNA PROPUESTA MULTISENSORIAL"},"content":{"rendered":"<p>El talentoso pianista y compositor argentino, radicando en Francia, brindar\u00e1 un concierto espect\u00e1culo de lujo el<strong> s\u00e1bado 31 de agosto en la Sala Principal del TB.<\/strong><\/p>\n<p dir=\"ltr\">En el marco de la celebraci\u00f3n de los 120 a\u00f1os de fundaci\u00f3n de la Alianza Francesa de San Juan, el Teatro del Bicentenario, dependiente del Ministerio de Turismo, Cultura y Deporte, presenta nuevamente a<strong> Silas Bassa<\/strong>, el reconocido pianista y compositor santafesino que reside en Francia desde hace m\u00e1s de dos d\u00e9cadas. El artista sumergir\u00e1 al p\u00fablico en una experiencia multisensorial a trav\u00e9s de un concierto espect\u00e1culo, fusionando su m\u00fasica con las artes visuales de manera innovadora. La producci\u00f3n integral del concierto espect\u00e1culo est\u00e1 a cargo del Teatro del Bicentenario.<\/p>\n<p dir=\"ltr\">Silas Bassa en esta ocasi\u00f3n presenta un repertorio, por momentos minimalista, por momentos impresionista, en un recorrido por diferentes paisajes sonoros y visuales,\u00a0 donde surge la complejidad hipn\u00f3tica de Philip Glass, pasa por el sentimiento repetitivo de Erik Satie, el estrepitar tel\u00farico de los acordes de Carlos Guastavino, interrelacionados entre s\u00ed con sus propias creaciones, incluyendo su \u00faltimo \u00e1lbum <strong>\u201cSELF\u201d<\/strong>, un deleite que representa la b\u00fasqueda de s\u00ed mismo a trav\u00e9s de la libertad en su evoluci\u00f3n art\u00edstica.\u00a0<\/p>\n<p dir=\"ltr\"><em>\u00a0\u00abSELF\u00bb, energ\u00eda vital, motor de todo, es la continuidad de este camino hacia la realizaci\u00f3n. Con confianza y la alegr\u00eda de vivir plenamente en armon\u00eda conmigo mismo, esta m\u00fasica naci\u00f3 entre sue\u00f1os y realidad.<\/em><\/p>\n<p dir=\"ltr\"><em>\u00a0\u00abSELF\u00bb abre el camino a infinitas posibilidades, como una peque\u00f1a\u00a0 semilla\u00a0 que se convierte en un \u00e1rbol y luego deviene un bosque.<\/em><\/p>\n<p dir=\"ltr\"><em>\u00a0El deseo de compartir estas composiciones se convirti\u00f3 en una necesidad. Estas creaciones musicales no buscan definirse a s\u00ed mismas, SON.<\/em><\/p>\n<p dir=\"ltr\"><em>\u00a0Atemporales, comunican con lo invisible y nos invitan a conectar con nuestra interioridad para encontrar la verdad en la paz y en la luz.<\/em><\/p>\n<p dir=\"ltr\">El p\u00fablico recorrer\u00e1 un viaje sensorial a trav\u00e9s de la m\u00fasica de Silas y la producci\u00f3n audiovisual producida por el Teatro del Bicentenario. En este espect\u00e1culo, los sonidos se entretejen con las proyecciones para crear atm\u00f3sferas evocadoras, que invitan a experimentar emociones contrapuestas, generando un clima de euforia e intimidad a la vez.<\/p>\n<p dir=\"ltr\">El concierto espect\u00e1culo cuenta con el apoyo del Institut fran\u00e7ais d\u2019Argentine \/ Embajada de Francia en la Argentina, La Copie Priv\u00e9e,\u00a0 la SACEM y la Alianza Francesa de San Juan.<\/p>\n<p dir=\"ltr\">El TB presenta a<strong> Silas Bassa el s\u00e1bado 31 de agosto a las 21:00hs en la Sala Principal.<\/strong> Las entradas tienen un valor de $4000 y $5000, con descuentos exclusivos en Boleter\u00eda del teatro de lunes a viernes de 9:30 a 14 hs, 16 a 20 hs, y los s\u00e1bados de 10 a 14 hs, o el d\u00eda de la funci\u00f3n desde una hora antes de la misma. Tambi\u00e9n, pueden adquirirse online a trav\u00e9s de TuEntrada.com <a href=\"https:\/\/tbsj.tuentrada.com\/selection\/event\/date?productId=10229048511234\">https:\/\/tbsj.tuentrada.com\/selection\/event\/date?productId=10229048511234<\/a><\/p>\n<p dir=\"ltr\"><strong>Sobre Silas Bassa<\/strong><\/p>\n<p dir=\"ltr\">Es un pianista reconocido mundialmente, nacido en la ciudad de Santa Fe, Argentina. Reside desde el a\u00f1o 2002 en la ciudad de Par\u00eds donde contin\u00faa su desarrollo y actividad art\u00edstica. Con una innovadora concepci\u00f3n en la b\u00fasqueda de nuevas formas de expresi\u00f3n y con una gran libertad creativa, desarrolla una intensa actividad art\u00edstica como pianista de m\u00fasica cl\u00e1sica y contempor\u00e1nea al mismo tiempo que como compositor int\u00e9rprete de sus propias obras para piano.\u00a0<\/p>\n<p dir=\"ltr\">Desde temprana edad se presenta como solista en las m\u00e1s prestigiosas salas de Argentina, Europa, Am\u00e9rica del Norte y Asia. Comienza sus estudios de piano a los cinco a\u00f1os en el Liceo Municipal de M\u00fasica de Santa Fe, y luego se traslada a la ciudad de Buenos Aires, ingresando al Conservatorio Nacional \u201cC. Lopez Buchardo\u201d. En el a\u00f1o 2000 participa en las Masterclass dictadas por el Mtro. Bruno Gelber, quien lo selecciona para continuar clases de perfeccionamiento en Europa y Argentina. Un a\u00f1o m\u00e1s tarde se traslada a la ciudad de Par\u00eds donde conoce a Monique Deschaussees con quien emprende una nueva etapa, profundizando y haciendo consciente todo lo que la m\u00fasica comprende de esencial.\u00a0<\/p>\n<p dir=\"ltr\">En el a\u00f1o 2015 graba para el sello Paraty-Harmonia Mundi su primer \u00e1lbum \u201cOscillations\u201d el cual suscita inmediatamente un gran inter\u00e9s y entusiasmo en la cr\u00edtica musical, forma parte de la selecci\u00f3n de mejores discos del a\u00f1o 2015 de Radio France y alcanza r\u00e1pidamente el primer lugar de ventas de \u00e1lbumes de m\u00fasica contempor\u00e1nea en Francia. En 2017 graba su segundo \u00e1lbum \u00abDualit\u00e0\u00bb (Paraty-Harmonia Mundi distribuci\u00f3n) en el cual presenta cinco nuevas composiciones. Explora en esta selecci\u00f3n de piezas su naturaleza creativa ante la disonancia de los elementos opuestos y complementarios que representan la dualidad. Es convocado en el 2017 por el contratenor Philippe Jaroussky para participar en la creaci\u00f3n de la nueva \u00abAcademia Musical Jaroussky\u00bb, donde ofrece durante dos temporadas formaci\u00f3n de piano e improvisaci\u00f3n a j\u00f3venes aprendices en la \u00abSeine Musicale\u00bb.\u00a0<\/p>\n<p dir=\"ltr\">En el 2020 presenta su tercer trabajo discogr\u00e1fico \u201cSILAS\u201d (\u201cKlarthe Records-Pias distribuci\u00f3n\u201d), su \u00e1lbum m\u00e1s \u00edntimo, que combina a la perfecci\u00f3n las fuerzas desatadas en los dos anteriores. Compositor e int\u00e9rprete de cada una de las diez piezas que lo conforman, el artista despliega un universo fascinante donde convergen tradici\u00f3n e innovaci\u00f3n. Estrena este nuevo disco en San Juan, Argentina, con producci\u00f3n art\u00edstica y desarrollo audiovisual del Teatro del Bicentenario de dicha ciudad, presentando un original espect\u00e1culo multisensorial.<\/p>\n<p dir=\"ltr\">En el 2023 graba su cuarto \u00e1lbum de composiciones \u201cSELF\u201d (Klarthe Records), en el cual contin\u00faa su camino de evoluci\u00f3n hacia una libertad total en la creaci\u00f3n art\u00edstica y desarrollo personal.<\/p>","protected":false},"excerpt":{"rendered":"<p>El talentoso pianista y compositor argentino, radicando en Francia, brindar\u00e1 un concierto espect\u00e1culo de lujo el s\u00e1bado 31 de agosto en la Sala Principal del TB. En el marco de la celebraci\u00f3n de los 120 a\u00f1os de fundaci\u00f3n de la Alianza Francesa de San Juan,&#8230;<\/p>","protected":false},"author":4,"featured_media":25871,"comment_status":"closed","ping_status":"closed","sticky":false,"template":"","format":"standard","meta":{"h5ap_radio_sources":[],"footnotes":""},"categories":[99],"tags":[],"class_list":["post-25870","post","type-post","status-publish","format-standard","has-post-thumbnail","hentry","category-novedades"],"_links":{"self":[{"href":"https:\/\/www.teatrodelbicentenariosanjuan.org\/en\/wp-json\/wp\/v2\/posts\/25870","targetHints":{"allow":["GET"]}}],"collection":[{"href":"https:\/\/www.teatrodelbicentenariosanjuan.org\/en\/wp-json\/wp\/v2\/posts"}],"about":[{"href":"https:\/\/www.teatrodelbicentenariosanjuan.org\/en\/wp-json\/wp\/v2\/types\/post"}],"author":[{"embeddable":true,"href":"https:\/\/www.teatrodelbicentenariosanjuan.org\/en\/wp-json\/wp\/v2\/users\/4"}],"replies":[{"embeddable":true,"href":"https:\/\/www.teatrodelbicentenariosanjuan.org\/en\/wp-json\/wp\/v2\/comments?post=25870"}],"version-history":[{"count":3,"href":"https:\/\/www.teatrodelbicentenariosanjuan.org\/en\/wp-json\/wp\/v2\/posts\/25870\/revisions"}],"predecessor-version":[{"id":25874,"href":"https:\/\/www.teatrodelbicentenariosanjuan.org\/en\/wp-json\/wp\/v2\/posts\/25870\/revisions\/25874"}],"wp:featuredmedia":[{"embeddable":true,"href":"https:\/\/www.teatrodelbicentenariosanjuan.org\/en\/wp-json\/wp\/v2\/media\/25871"}],"wp:attachment":[{"href":"https:\/\/www.teatrodelbicentenariosanjuan.org\/en\/wp-json\/wp\/v2\/media?parent=25870"}],"wp:term":[{"taxonomy":"category","embeddable":true,"href":"https:\/\/www.teatrodelbicentenariosanjuan.org\/en\/wp-json\/wp\/v2\/categories?post=25870"},{"taxonomy":"post_tag","embeddable":true,"href":"https:\/\/www.teatrodelbicentenariosanjuan.org\/en\/wp-json\/wp\/v2\/tags?post=25870"}],"curies":[{"name":"wp","href":"https:\/\/api.w.org\/{rel}","templated":true}]}}