{"id":25880,"date":"2024-08-02T12:47:48","date_gmt":"2024-08-02T15:47:48","guid":{"rendered":"https:\/\/www.teatrodelbicentenariosanjuan.org\/?p=25880"},"modified":"2024-08-02T12:47:48","modified_gmt":"2024-08-02T15:47:48","slug":"en-sus-tacones-una-imperdible-obra-de-flamenco-en-el-tb","status":"publish","type":"post","link":"https:\/\/www.teatrodelbicentenariosanjuan.org\/en\/novedades\/en-sus-tacones-una-imperdible-obra-de-flamenco-en-el-tb\/","title":{"rendered":"EN SUS TACONES, UNA IMPERDIBLE OBRA DE FLAMENCO EN EL TB"},"content":{"rendered":"<p dir=\"ltr\">La puesta en escena con bailaores y m\u00fasicos en vivo ser\u00e1 el pr\u00f3ximo S\u00e1bado 24 de agosto, a las 21:30hs, en la Sala Audit\u00f3rium del TB. Entradas a la venta.\u00a0<\/p>\n<p dir=\"ltr\">El Ministerio de Turismo, Cultura y Deporte, a trav\u00e9s del Teatro del Bicentenario, presenta \u201cEn sus tacones\u201d, una obra de danza flamenca con bailaores y m\u00fasicos locales y nacionales. La propuesta pretende visibilizar la marginalidad de la mujer siguiendo una l\u00ednea temporal y mostrando los cambios en los diversos \u00e1mbitos de su vida cotidiana.\u00a0<\/p>\n<p dir=\"ltr\">Al baile estar\u00e1n Victoria Atencio, Marisol Morales y Alejandra Minet, tres mujeres que le dan vida a impactantes historias a trav\u00e9s del movimiento. Las bailaoras estar\u00e1n acompa\u00f1adas por Hugo Figueroa y Daniel G\u00f3mez en guitarra y Lisandro Aramayo al cante.\u00a0<\/p>\n<p dir=\"ltr\">En sus tacones toma el escenario durante 50 minutos y ser\u00e1 el pr\u00f3ximo s\u00e1bado 24 de agosto, a las 21:30hs, en la Sala Audit\u00f3rium del TB. La entrada general de $8000 se puede adquirir en Boleter\u00eda de lunes a viernes de 9:30 a 14hs, de 16 a 20hs, y los s\u00e1bados de 10 a 14hs. Tambi\u00e9n se encuentra disponible online en TuEntrada.com <a href=\"https:\/\/tbsj.tuentrada.com\/selection\/event\/date?productId=10229047639908\" target=\"_blank\" rel=\"noopener\" data-saferedirecturl=\"https:\/\/www.google.com\/url?q=https:\/\/tbsj.tuentrada.com\/selection\/event\/date?productId%3D10229047639908&amp;source=gmail&amp;ust=1722699717764000&amp;usg=AOvVaw1sS9u9XIic6yGGz19bL3sv\">https:\/\/tbsj.tuentrada.com\/<wbr \/>selection\/event\/date?<wbr \/>productId=10229047639908<\/a><\/p>","protected":false},"excerpt":{"rendered":"<p>La puesta en escena con bailaores y m\u00fasicos en vivo ser\u00e1 el pr\u00f3ximo S\u00e1bado 24 de agosto, a las 21:30hs, en la Sala Audit\u00f3rium del TB. Entradas a la venta.\u00a0 El Ministerio de Turismo, Cultura y Deporte, a trav\u00e9s del Teatro del Bicentenario, presenta \u201cEn&#8230;<\/p>","protected":false},"author":4,"featured_media":25881,"comment_status":"closed","ping_status":"closed","sticky":false,"template":"","format":"standard","meta":{"h5ap_radio_sources":[],"footnotes":""},"categories":[99],"tags":[],"class_list":["post-25880","post","type-post","status-publish","format-standard","has-post-thumbnail","hentry","category-novedades"],"_links":{"self":[{"href":"https:\/\/www.teatrodelbicentenariosanjuan.org\/en\/wp-json\/wp\/v2\/posts\/25880","targetHints":{"allow":["GET"]}}],"collection":[{"href":"https:\/\/www.teatrodelbicentenariosanjuan.org\/en\/wp-json\/wp\/v2\/posts"}],"about":[{"href":"https:\/\/www.teatrodelbicentenariosanjuan.org\/en\/wp-json\/wp\/v2\/types\/post"}],"author":[{"embeddable":true,"href":"https:\/\/www.teatrodelbicentenariosanjuan.org\/en\/wp-json\/wp\/v2\/users\/4"}],"replies":[{"embeddable":true,"href":"https:\/\/www.teatrodelbicentenariosanjuan.org\/en\/wp-json\/wp\/v2\/comments?post=25880"}],"version-history":[{"count":1,"href":"https:\/\/www.teatrodelbicentenariosanjuan.org\/en\/wp-json\/wp\/v2\/posts\/25880\/revisions"}],"predecessor-version":[{"id":25882,"href":"https:\/\/www.teatrodelbicentenariosanjuan.org\/en\/wp-json\/wp\/v2\/posts\/25880\/revisions\/25882"}],"wp:featuredmedia":[{"embeddable":true,"href":"https:\/\/www.teatrodelbicentenariosanjuan.org\/en\/wp-json\/wp\/v2\/media\/25881"}],"wp:attachment":[{"href":"https:\/\/www.teatrodelbicentenariosanjuan.org\/en\/wp-json\/wp\/v2\/media?parent=25880"}],"wp:term":[{"taxonomy":"category","embeddable":true,"href":"https:\/\/www.teatrodelbicentenariosanjuan.org\/en\/wp-json\/wp\/v2\/categories?post=25880"},{"taxonomy":"post_tag","embeddable":true,"href":"https:\/\/www.teatrodelbicentenariosanjuan.org\/en\/wp-json\/wp\/v2\/tags?post=25880"}],"curies":[{"name":"wp","href":"https:\/\/api.w.org\/{rel}","templated":true}]}}