{"id":25937,"date":"2024-08-13T11:08:05","date_gmt":"2024-08-13T14:08:05","guid":{"rendered":"https:\/\/www.teatrodelbicentenariosanjuan.org\/?p=25937"},"modified":"2024-09-03T11:14:46","modified_gmt":"2024-09-03T14:14:46","slug":"desde-chile-llega-la-musica-de-nano-stern-al-tb","status":"publish","type":"post","link":"https:\/\/www.teatrodelbicentenariosanjuan.org\/en\/novedades\/desde-chile-llega-la-musica-de-nano-stern-al-tb\/","title":{"rendered":"DESDE CHILE, LLEGA LA M\u00daSICA DE NANO STERN AL TB"},"content":{"rendered":"<p dir=\"ltr\"><em>En su gira por Cuyo, el cantautor chileno vuelve a Argentina y celebra dos d\u00e9cadas de trayectoria en la Sala Audit\u00f3rium del Teatro del Bicentenario, el pr\u00f3ximo mi\u00e9rcoles 28 de agosto, a las 21:00 hs. Entradas a la venta.\u00a0<\/em><\/p>\n<p dir=\"ltr\">El Ministerio de Turismo, Cultura y Deporte, a trav\u00e9s del Teatro del Bicentenario presenta Nano Stern que llega desde Chile para deleitar al p\u00fablico sanjuanino en formato tr\u00edo y con artistas invitados. En esta ocasi\u00f3n, el m\u00fasico reconocido como uno de los referentes de la canci\u00f3n de autor contempor\u00e1nea, invita al p\u00fablico a sumergirse en su m\u00fasica a trav\u00e9s de una selecci\u00f3n de sus emblem\u00e1ticas canciones.<\/p>\n<p dir=\"ltr\">Nano Stern se destaca como uno de los m\u00fasicos chilenos m\u00e1s importantes de los \u00faltimos a\u00f1os, reconocido transversalmente por la potencia en sus presentaciones en vivo, su talento con la guitarra, su voz po\u00e9tica y el fuerte compromiso social.<\/p>\n<p dir=\"ltr\">Con una nueva mirada de sus temas y sorprendiendo a la audiencia con composiciones que hace mucho no tocaba en vivo, el artista viene de una exitosa gira internacional. Su m\u00fasica le permiti\u00f3 realizar presentaciones a sala llena en diferentes ciudades de Chile, Uruguay y Argentina, como Buenos Aires, Bariloche y San Mart\u00edn de los Andes.<\/p>\n<p dir=\"ltr\">Esta experiencia musical renovada, llena de virtuosismo y versatilidad, est\u00e1 a cargo de los talentosos multiinstrumentistas Cristian Carvacho y Ramiro Dur\u00e1n, junto a la voz de Nano Stern. Destacan en este espect\u00e1culo, la sutileza de las cuerdas, la riqueza de la percusi\u00f3n latinoamericana y el aporte de sonoridades m\u00e1s ex\u00f3ticas, como la del nyckelharpa escandinavo, que llevan al tr\u00edo a realizar una magn\u00edfica interpretaci\u00f3n, donde adem\u00e1s, la improvisaci\u00f3n tiene un rol fundamental.\u00a0<\/p>\n<p dir=\"ltr\">En su paso por el polo cultural sanjuanino, es la cantautora Eli Dom\u00ednguez la encargada de abrir el concierto con su \u00faltimo EP, ANSIAS.\u00a0<\/p>\n<p dir=\"ltr\"><strong>Nano Stern Tr\u00edo sube al escenario de la Sala Audit\u00f3rium el pr\u00f3ximo mi\u00e9rcoles 28 de agosto, a las 21:00 hs. La entrada general de $10000 se encuentra disponible en Boleter\u00eda del TB con descuentos exclusivos, de lunes a viernes de 9:30 a 14:00 hs, de 16:00 a 20:00 hs, y los s\u00e1bados de 10:00 a 14:00 hs. Tambi\u00e9n se encuentra disponible en TuEntrada.com <\/strong><a href=\"https:\/\/tbsj.tuentrada.com\/selection\/event\/date?productId=10229049136534\" target=\"_blank\" rel=\"noopener\" data-saferedirecturl=\"https:\/\/www.google.com\/url?q=https:\/\/tbsj.tuentrada.com\/selection\/event\/date?productId%3D10229049136534&amp;source=gmail&amp;ust=1725458584708000&amp;usg=AOvVaw0KMs9uoClWESXY68Gzc5kU\"><strong>https:\/\/tbsj.tuentrada.com\/<wbr \/>selection\/event\/date?<wbr \/>productId=10229049136534<\/strong><\/a><\/p>\n<p>&nbsp;<\/p>\n<p dir=\"ltr\"><strong>FUNCI\u00d3N CON BENEFICIOS (Exclusivos en Boleter\u00eda del TB)<\/strong><\/p>\n<p dir=\"ltr\">\u00a0\u2013\u00a0 \u00a0 \u00a0 \u00a0 \u00a0 TICKET YA: 20% de descuento en todas las funciones y ubicaci\u00f3n a elecci\u00f3n hasta 72hs ANTES del evento (hasta 2 tickets por persona).<\/p>\n<p dir=\"ltr\">\u2013\u00a0 \u00a0 \u00a0 \u00a0 \u00a0 Ticket Joven: 50% de descuento para j\u00f3venes de 13 hasta 24 a\u00f1os, inclusive, presentando DNI; en todas las funciones, ubicaci\u00f3n a elecci\u00f3n.<\/p>\n<p dir=\"ltr\">\u2013 \u00a0 \u00a0 \u00a0 \u00a0 Ticket JUBILADOS: 20% de descuento a jubilados presentando DNI \u2013 recibo de haberes y\/o carnet PAMI (hasta 2 tickets por persona).\u00a0<\/p>\n<p dir=\"ltr\">Descuentos v\u00e1lidos solo en Boleter\u00eda del TB, de lunes a viernes de 9:30 a 14:00 hs, de 16:00 a 20:00 hs y s\u00e1bados de 10:00 a 14:00 hs, o el d\u00eda de la funci\u00f3n desde 1 hora antes de la misma.\u00a0<\/p>","protected":false},"excerpt":{"rendered":"<p>En su gira por Cuyo, el cantautor chileno vuelve a Argentina y celebra dos d\u00e9cadas de trayectoria en la Sala Audit\u00f3rium del Teatro del Bicentenario, el pr\u00f3ximo mi\u00e9rcoles 28 de agosto, a las 21:00 hs. Entradas a la venta.\u00a0 El Ministerio de Turismo, Cultura y&#8230;<\/p>","protected":false},"author":4,"featured_media":25938,"comment_status":"closed","ping_status":"closed","sticky":false,"template":"","format":"standard","meta":{"h5ap_radio_sources":[],"footnotes":""},"categories":[99],"tags":[146,150,145,149,151],"class_list":["post-25937","post","type-post","status-publish","format-standard","has-post-thumbnail","hentry","category-novedades","tag-artistas","tag-cuyo","tag-musica","tag-nano-stern","tag-sala-auditorium"],"_links":{"self":[{"href":"https:\/\/www.teatrodelbicentenariosanjuan.org\/en\/wp-json\/wp\/v2\/posts\/25937","targetHints":{"allow":["GET"]}}],"collection":[{"href":"https:\/\/www.teatrodelbicentenariosanjuan.org\/en\/wp-json\/wp\/v2\/posts"}],"about":[{"href":"https:\/\/www.teatrodelbicentenariosanjuan.org\/en\/wp-json\/wp\/v2\/types\/post"}],"author":[{"embeddable":true,"href":"https:\/\/www.teatrodelbicentenariosanjuan.org\/en\/wp-json\/wp\/v2\/users\/4"}],"replies":[{"embeddable":true,"href":"https:\/\/www.teatrodelbicentenariosanjuan.org\/en\/wp-json\/wp\/v2\/comments?post=25937"}],"version-history":[{"count":1,"href":"https:\/\/www.teatrodelbicentenariosanjuan.org\/en\/wp-json\/wp\/v2\/posts\/25937\/revisions"}],"predecessor-version":[{"id":25939,"href":"https:\/\/www.teatrodelbicentenariosanjuan.org\/en\/wp-json\/wp\/v2\/posts\/25937\/revisions\/25939"}],"wp:featuredmedia":[{"embeddable":true,"href":"https:\/\/www.teatrodelbicentenariosanjuan.org\/en\/wp-json\/wp\/v2\/media\/25938"}],"wp:attachment":[{"href":"https:\/\/www.teatrodelbicentenariosanjuan.org\/en\/wp-json\/wp\/v2\/media?parent=25937"}],"wp:term":[{"taxonomy":"category","embeddable":true,"href":"https:\/\/www.teatrodelbicentenariosanjuan.org\/en\/wp-json\/wp\/v2\/categories?post=25937"},{"taxonomy":"post_tag","embeddable":true,"href":"https:\/\/www.teatrodelbicentenariosanjuan.org\/en\/wp-json\/wp\/v2\/tags?post=25937"}],"curies":[{"name":"wp","href":"https:\/\/api.w.org\/{rel}","templated":true}]}}