{"id":25940,"date":"2024-08-13T11:11:55","date_gmt":"2024-08-13T14:11:55","guid":{"rendered":"https:\/\/www.teatrodelbicentenariosanjuan.org\/?p=25940"},"modified":"2024-09-03T11:12:40","modified_gmt":"2024-09-03T14:12:40","slug":"martina-flores-inunda-el-tb-con-canciones-y-boleros","status":"publish","type":"post","link":"https:\/\/www.teatrodelbicentenariosanjuan.org\/en\/novedades\/martina-flores-inunda-el-tb-con-canciones-y-boleros\/","title":{"rendered":"MARTINA FLORES INUNDA EL TB CON CANCIONES Y BOLEROS\u00a0\u00a0"},"content":{"rendered":"<p dir=\"ltr\"><em>La cantante sanjuanina se abre paso en la Sala Audit\u00f3rium del Teatro del Bicentenario con \u201cSi te preguntan por m\u00ed\u201d, el pr\u00f3ximo viernes 6 de septiembre, a las 21:30 hs. Entradas a la venta.\u00a0<\/em><\/p>\n<p dir=\"ltr\"><b>\u00a0<\/b><\/p>\n<p dir=\"ltr\">El Ministerio de Turismo, Cultura y Deporte, a trav\u00e9s del Teatro del Bicentenario, presenta \u201cSi te preguntan por m\u00ed\u201d, un nuevo espect\u00e1culo de boleros y canciones a cargo de Martina Flores. Con motivo de la salida de su pr\u00f3ximo lanzamiento, la artista hace un repaso por sus musas de la infancia, as\u00ed como las canciones m\u00e1s representativas de su repertorio en formato ac\u00fastico.<\/p>\n<p dir=\"ltr\">Dram\u00e1tica y rom\u00e1ntica por igual, desplegar\u00e1 un concierto donde repasar\u00e1 boleros de autores cl\u00e1sicos como Manzanero, Agustin Lara, entre otros, y boleros y canciones de su propia autor\u00eda en un formato ac\u00fastico. El mismo estar\u00e1 compuesto por guitarras, tres cubanos, contrabajo, trompeta, tromb\u00f3n, piano y cuerdas.\u00a0<\/p>\n<p dir=\"ltr\">La cantautora rendir\u00e1 honor a la canci\u00f3n latinoamericana en un despliegue escenogr\u00e1fico y lum\u00ednico que deleitar\u00e1 al p\u00fablico. Adem\u00e1s, ser\u00e1 un adelanto de su pr\u00f3ximo trabajo discogr\u00e1fico con fecha de salida en octubre de este a\u00f1o.\u00a0<\/p>\n<p dir=\"ltr\">En escena estar\u00e1 acompa\u00f1ada por \u00c1ngelo Mu\u00f1oz en guitarras, direcci\u00f3n y arreglos, Diego Vega en bajo y contrabajo, Mart\u00edn Castro Meglioli en percusi\u00f3n, Fernando Naser en trompeta, Rodrigo Ovejero en tromb\u00f3n, Indira Gonz\u00e1lez en viol\u00edn y Lucio Flores al piano.\u00a0<b><\/b><\/p>\n<p dir=\"ltr\"><strong>Martina Flores sube a escena el pr\u00f3ximo viernes 6 de septiembre, a las 21:30 hs, en la Sala Audit\u00f3rium del Teatro del Bicentenario. La entrada general de $7000 se encuentra disponible Boleter\u00eda del TB con descuentos exclusivos o en TuEntrada.com <\/strong><a href=\"https:\/\/www.tuentrada.com\/eventos\/detalle\/Martina-Flores-tbsj\/191386090031\" target=\"_blank\" rel=\"noopener\" data-saferedirecturl=\"https:\/\/www.google.com\/url?q=https:\/\/www.tuentrada.com\/eventos\/detalle\/Martina-Flores-tbsj\/191386090031&amp;source=gmail&amp;ust=1725458525694000&amp;usg=AOvVaw3zMTcyM7mdA8uPy8j4aW0e\"><strong>https:\/\/www.tuentrada.com\/<wbr \/>eventos\/detalle\/Martina-<wbr \/>Flores-tbsj\/191386090031<\/strong><\/a><\/p>\n<p dir=\"ltr\"><b>\u00a0<\/b><\/p>\n<p dir=\"ltr\"><strong>FUNCI\u00d3N CON BENEFICIOS (Exclusivos en Boleter\u00eda del TB)<\/strong><\/p>\n<p dir=\"ltr\">\u00a0\u2013\u00a0 \u00a0 \u00a0 \u00a0 \u00a0 TICKET YA: 20% de descuento en todas las funciones y ubicaci\u00f3n a elecci\u00f3n hasta 72hs ANTES del evento (hasta 2 tickets por persona).<\/p>\n<p dir=\"ltr\">\u2013 \u00a0 \u00a0 \u00a0 \u00a0 \u00a0Ticket Joven: 50% de descuento para j\u00f3venes de 13 hasta 24 a\u00f1os, inclusive, presentando DNI; en todas las funciones, ubicaci\u00f3n a elecci\u00f3n.<\/p>\n<p dir=\"ltr\">\u2013\u00a0 \u00a0 \u00a0 \u00a0 \u00a0Ticket JUBILADOS: 20% de descuento a jubilados presentando DNI \u2013 recibo de haberes y\/o carnet PAMI (hasta 2 tickets por persona).\u00a0<\/p>\n<p dir=\"ltr\">Descuentos v\u00e1lidos solo en Boleter\u00eda del TB, de lunes a viernes de 9:30 a 14:00 hs, de 16:00 a 20:00 hs y s\u00e1bados de 10:00 a 14:00 hs, o el d\u00eda de la funci\u00f3n desde 1 hora antes de la misma.<\/p>\n<p dir=\"ltr\">\u00a0<\/p>\n<p>&nbsp;<\/p>\n<p dir=\"ltr\"><strong>SOBRE MARTINA FLORES<\/strong><\/p>\n<p dir=\"ltr\">Martina Flores es una cantante y compositora argentina. Estudi\u00f3 en la Escuela de M\u00fasica de San Juan, tom\u00f3 clases de canto con Rub\u00e9n Gold\u00e9n, Amilcar Majlin, Lorena Astudillo.<\/p>\n<p dir=\"ltr\">Adem\u00e1s, estudi\u00f3 Artes Dram\u00e1ticas en la UNCUYO y el Profesorado de M\u00fasica en San Juan.\u00a0<\/p>\n<p dir=\"ltr\">Su proyecto como cantautora solista nace en 2016, con su primer demo \u201cDespert\u00e9\u201d; al cual posteriormente le sigui\u00f3 \u201cPies a la deriva\u201d \u201cEn Mi\u201d y \u201cSesiones Ac\u00fasticas\u201d.<\/p>\n<p dir=\"ltr\">En 2021 lanza su disco \u00abSalvar el recuerdo\u00bb compuesto por 9 canciones en un viaje a las profundidades de la mente y las fantas\u00edas.<\/p>\n<p dir=\"ltr\">En 2017, su cover de la canci\u00f3n \u201cDurazno Sangrando\u201d de Luis Alberto Spinetta alcanz\u00f3 el mill\u00f3n de visualizaciones en Youtube.<\/p>\n<p dir=\"ltr\">Fue soporte de grandes artistas como Alejandro Lerner, Ismael Serrano, Joan Manuel Serrat, Zoe Gotusso, Julieta Venegas, entre otros, y comparti\u00f3 escenario con artistas de gran trayectoria nacional como Pedro Aznar, Hilda Lizarazu, Kevin Johansen, Manu Sija, Ligia Piro, Nadia Larcher y Franco Luciani en \u201cLas Voces Del Vino\u201d (CCK, 2019).<\/p>\n<p dir=\"ltr\">En 2023 sali\u00f3 beneficiada de una beca de formaci\u00f3n que la llev\u00f3 a estudiar canto en Nueva York.<\/p>","protected":false},"excerpt":{"rendered":"<p>La cantante sanjuanina se abre paso en la Sala Audit\u00f3rium del Teatro del Bicentenario con \u201cSi te preguntan por m\u00ed\u201d, el pr\u00f3ximo viernes 6 de septiembre, a las 21:30 hs. Entradas a la venta.\u00a0 \u00a0 El Ministerio de Turismo, Cultura y Deporte, a trav\u00e9s del&#8230;<\/p>","protected":false},"author":4,"featured_media":25941,"comment_status":"closed","ping_status":"closed","sticky":false,"template":"","format":"standard","meta":{"h5ap_radio_sources":[],"footnotes":""},"categories":[99],"tags":[146,148,145,147],"class_list":["post-25940","post","type-post","status-publish","format-standard","has-post-thumbnail","hentry","category-novedades","tag-artistas","tag-martina-flores","tag-musica","tag-san-juan"],"_links":{"self":[{"href":"https:\/\/www.teatrodelbicentenariosanjuan.org\/en\/wp-json\/wp\/v2\/posts\/25940","targetHints":{"allow":["GET"]}}],"collection":[{"href":"https:\/\/www.teatrodelbicentenariosanjuan.org\/en\/wp-json\/wp\/v2\/posts"}],"about":[{"href":"https:\/\/www.teatrodelbicentenariosanjuan.org\/en\/wp-json\/wp\/v2\/types\/post"}],"author":[{"embeddable":true,"href":"https:\/\/www.teatrodelbicentenariosanjuan.org\/en\/wp-json\/wp\/v2\/users\/4"}],"replies":[{"embeddable":true,"href":"https:\/\/www.teatrodelbicentenariosanjuan.org\/en\/wp-json\/wp\/v2\/comments?post=25940"}],"version-history":[{"count":2,"href":"https:\/\/www.teatrodelbicentenariosanjuan.org\/en\/wp-json\/wp\/v2\/posts\/25940\/revisions"}],"predecessor-version":[{"id":25943,"href":"https:\/\/www.teatrodelbicentenariosanjuan.org\/en\/wp-json\/wp\/v2\/posts\/25940\/revisions\/25943"}],"wp:featuredmedia":[{"embeddable":true,"href":"https:\/\/www.teatrodelbicentenariosanjuan.org\/en\/wp-json\/wp\/v2\/media\/25941"}],"wp:attachment":[{"href":"https:\/\/www.teatrodelbicentenariosanjuan.org\/en\/wp-json\/wp\/v2\/media?parent=25940"}],"wp:term":[{"taxonomy":"category","embeddable":true,"href":"https:\/\/www.teatrodelbicentenariosanjuan.org\/en\/wp-json\/wp\/v2\/categories?post=25940"},{"taxonomy":"post_tag","embeddable":true,"href":"https:\/\/www.teatrodelbicentenariosanjuan.org\/en\/wp-json\/wp\/v2\/tags?post=25940"}],"curies":[{"name":"wp","href":"https:\/\/api.w.org\/{rel}","templated":true}]}}