{"id":25944,"date":"2024-08-14T11:14:56","date_gmt":"2024-08-14T14:14:56","guid":{"rendered":"https:\/\/www.teatrodelbicentenariosanjuan.org\/?p=25944"},"modified":"2024-09-03T11:19:20","modified_gmt":"2024-09-03T14:19:20","slug":"juana-sonora-presenta-transmutacion-en-la-sala-auditorium","status":"publish","type":"post","link":"https:\/\/www.teatrodelbicentenariosanjuan.org\/en\/novedades\/juana-sonora-presenta-transmutacion-en-la-sala-auditorium\/","title":{"rendered":"JUANA SONORA PRESENTA \u201cTRANSMUTACI\u00d3N\u201d EN LA SALA AUDIT\u00d3RIUM"},"content":{"rendered":"<p dir=\"ltr\"><em>El tr\u00edo sanjuanino de rock llega al escenario de la Sala Audit\u00f3rium del TB el pr\u00f3ximo viernes 13 de septiembre, a las 21:30 hs. Entradas a la venta.\u00a0<\/em><\/p>\n<p>&nbsp;<\/p>\n<p dir=\"ltr\">El Ministerio de Turismo, Cultura y Deporte, a trav\u00e9s del Teatro del Bicentenario, presenta Juana Sonora que por primera vez se presentar\u00e1 en la Sala Audit\u00f3rium con \u201cTransmutaci\u00f3n\u201d. El tr\u00edo propone una experiencia audiovisual que celebra su repertorio de autor\u00eda propia.<\/p>\n<p>&nbsp;<\/p>\n<p dir=\"ltr\">Cecilia Tejada en voz y guitarra, Luc\u00eda S\u00e1nchez en voz y bajo y Alba S\u00e1nchez en bater\u00eda son las tres integrantes que nos cuentan, a trav\u00e9s de sus canciones, la historia de un viaje de transformaci\u00f3n interna. Se trata de Luna, la figura principal del relato. Ella dibuja su camino y recorre diferentes momentos, lugares y sonidos, llevando al espectador a acompa\u00f1arla en esa b\u00fasqueda.\u00a0<\/p>\n<p>&nbsp;<\/p>\n<p dir=\"ltr\">La banda que data sus comienzos en diciembre de 2020, ha participado de m\u00faltiples eventos y compartido escenario con diversas bandas locales y nacionales. Adem\u00e1s, las m\u00fasicas cuentan con trayectoria en otras bandas y proyectos musicales sanjuaninos.<\/p>\n<p>&nbsp;<\/p>\n<p dir=\"ltr\">Juana Sonora promete una noche musical \u00fanica a la que se sumar\u00e1n m\u00fasicos y coreutas invitados: \u00c1ngelo Pereira, Paula Cabrera y Yamila Tejada en coros, Maximiliano Esp\u00ednola en guitarra, Carla Tejada en teclado y Sebasti\u00e1n G\u00f3mez en saxof\u00f3n.\u00a0<\/p>\n<p>&nbsp;<\/p>\n<p dir=\"ltr\">La cita es el viernes 13 de septiembre, a las 21:30 hs, en la Sala Audit\u00f3rium del Teatro del Bicentenario. La entrada general de $5000 se encuentra disponible en Boleter\u00eda con DESCUENTOS EXCLUSIVOS de lunes a viernes de 9:30 a 14:00 hs, de 16:00 a 20:00 hs, y los s\u00e1bados de 10:00 a 14:00 hs. Tambi\u00e9n se encuentra disponible en TuEntrada.com <a href=\"https:\/\/www.tuentrada.com\/eventos\/detalle\/juana-sonora-tbsj\/612290886666\" target=\"_blank\" rel=\"noopener\" data-saferedirecturl=\"https:\/\/www.google.com\/url?q=https:\/\/www.tuentrada.com\/eventos\/detalle\/juana-sonora-tbsj\/612290886666&amp;source=gmail&amp;ust=1725458525684000&amp;usg=AOvVaw27Gxh-tiqk9fpd09a8VcPK\">https:\/\/www.tuentrada.com\/<wbr \/>eventos\/detalle\/juana-sonora-<wbr \/>tbsj\/612290886666<\/a><\/p>\n<p dir=\"ltr\">\u00a0<\/p>\n<p dir=\"ltr\"><strong>FUNCI\u00d3N CON BENEFICIOS (Exclusivos en Boleter\u00eda del TB)<\/strong><\/p>\n<p dir=\"ltr\">\u00a0\u2013\u00a0 \u00a0 \u00a0 \u00a0 \u00a0 TICKET YA: 20% de descuento en todas las funciones y ubicaci\u00f3n a elecci\u00f3n hasta 72hs ANTES del evento (hasta 2 tickets por persona).<\/p>\n<p dir=\"ltr\">\u2013 \u00a0 \u00a0 \u00a0 \u00a0 \u00a0Ticket Joven: 50% de descuento para j\u00f3venes de 13 hasta 24 a\u00f1os, inclusive, presentando DNI; en todas las funciones, ubicaci\u00f3n a elecci\u00f3n.<\/p>\n<p dir=\"ltr\">\u2013\u00a0 \u00a0 \u00a0 \u00a0 \u00a0Ticket JUBILADOS: 20% de descuento a jubilados presentando DNI \u2013 recibo de haberes y\/o carnet PAMI (hasta 2 tickets por persona).\u00a0<\/p>\n<p dir=\"ltr\">Descuentos v\u00e1lidos solo en Boleter\u00eda del TB, de lunes a viernes de 9:30 a 14:00 hs, de 16:00 a 20:00 hs y s\u00e1bados de 10:00 a 14:00 hs, o el d\u00eda de la funci\u00f3n desde 1 hora antes de la misma.<\/p>","protected":false},"excerpt":{"rendered":"<p>El tr\u00edo sanjuanino de rock llega al escenario de la Sala Audit\u00f3rium del TB el pr\u00f3ximo viernes 13 de septiembre, a las 21:30 hs. Entradas a la venta.\u00a0 &nbsp; El Ministerio de Turismo, Cultura y Deporte, a trav\u00e9s del Teatro del Bicentenario, presenta Juana Sonora&#8230;<\/p>","protected":false},"author":4,"featured_media":25945,"comment_status":"closed","ping_status":"closed","sticky":false,"template":"","format":"standard","meta":{"h5ap_radio_sources":[],"footnotes":""},"categories":[99],"tags":[],"class_list":["post-25944","post","type-post","status-publish","format-standard","has-post-thumbnail","hentry","category-novedades"],"_links":{"self":[{"href":"https:\/\/www.teatrodelbicentenariosanjuan.org\/en\/wp-json\/wp\/v2\/posts\/25944","targetHints":{"allow":["GET"]}}],"collection":[{"href":"https:\/\/www.teatrodelbicentenariosanjuan.org\/en\/wp-json\/wp\/v2\/posts"}],"about":[{"href":"https:\/\/www.teatrodelbicentenariosanjuan.org\/en\/wp-json\/wp\/v2\/types\/post"}],"author":[{"embeddable":true,"href":"https:\/\/www.teatrodelbicentenariosanjuan.org\/en\/wp-json\/wp\/v2\/users\/4"}],"replies":[{"embeddable":true,"href":"https:\/\/www.teatrodelbicentenariosanjuan.org\/en\/wp-json\/wp\/v2\/comments?post=25944"}],"version-history":[{"count":1,"href":"https:\/\/www.teatrodelbicentenariosanjuan.org\/en\/wp-json\/wp\/v2\/posts\/25944\/revisions"}],"predecessor-version":[{"id":25946,"href":"https:\/\/www.teatrodelbicentenariosanjuan.org\/en\/wp-json\/wp\/v2\/posts\/25944\/revisions\/25946"}],"wp:featuredmedia":[{"embeddable":true,"href":"https:\/\/www.teatrodelbicentenariosanjuan.org\/en\/wp-json\/wp\/v2\/media\/25945"}],"wp:attachment":[{"href":"https:\/\/www.teatrodelbicentenariosanjuan.org\/en\/wp-json\/wp\/v2\/media?parent=25944"}],"wp:term":[{"taxonomy":"category","embeddable":true,"href":"https:\/\/www.teatrodelbicentenariosanjuan.org\/en\/wp-json\/wp\/v2\/categories?post=25944"},{"taxonomy":"post_tag","embeddable":true,"href":"https:\/\/www.teatrodelbicentenariosanjuan.org\/en\/wp-json\/wp\/v2\/tags?post=25944"}],"curies":[{"name":"wp","href":"https:\/\/api.w.org\/{rel}","templated":true}]}}