{"id":25947,"date":"2024-08-15T11:19:32","date_gmt":"2024-08-15T14:19:32","guid":{"rendered":"https:\/\/www.teatrodelbicentenariosanjuan.org\/?p=25947"},"modified":"2024-09-03T11:34:33","modified_gmt":"2024-09-03T14:34:33","slug":"fabricio-montilla-presenta-encendido-en-el-tb","status":"publish","type":"post","link":"https:\/\/www.teatrodelbicentenariosanjuan.org\/en\/novedades\/fabricio-montilla-presenta-encendido-en-el-tb\/","title":{"rendered":"FABRICIO MONTILLA PRESENTA \u201cENCENDIDO\u201d EN EL TB"},"content":{"rendered":"<p dir=\"ltr\"><em>El artista y compositor sanjuanino apuesta por la Sala Audit\u00f3rium del Teatro del Bicentenario con artistas invitados, el pr\u00f3ximo viernes 27 de septiembre, a las 21:30 hs. Entradas a la venta.<\/em><\/p>\n<p>&nbsp;<\/p>\n<p dir=\"ltr\">Se trata de \u201cEncendido\u201d, el sexto y nuevo disco de Fabricio Montilla que se presentar\u00e1 en la Sala Audit\u00f3rium del polo cultural dependiente del Ministerio de Turismo, Cultura y Deporte.\u00a0<\/p>\n<p dir=\"ltr\">En su nuevo disco hom\u00f3nimo y sexto de su carrera, Montilla explora diferentes g\u00e9neros musicales como el house, pop, R&amp;B, indie y reggaet\u00f3n, con una po\u00e9tica de mirada territorial e imaginativa. Son canciones de amor a la monta\u00f1a sanjuanina y a lo que sucede all\u00ed, baladas de amores en libertad y piezas que celebran la vitalidad y la necesidad del encuentro con el otro.<\/p>\n<p dir=\"ltr\">\u00a0\u00a0La presentaci\u00f3n de Encendido busca una manera de incitar, de contagiar, de reproducir la sensaci\u00f3n musical. Una chispa. De provocar una alquimia, un convivio.<\/p>\n<p dir=\"ltr\">Cada canci\u00f3n es una manera de encender la danza, el ritmo y el v\u00ednculo. Una rave cuyana, que le canta a la monta\u00f1a y salta en un beat.<\/p>\n<p dir=\"ltr\">En una novedosa propuesta inmersiva y cont\u00ednua, el artista espera al p\u00fablico con una recepci\u00f3n al ingreso que incluye una performance a cargo de la bailarina Julia De Nardi y una degustaci\u00f3n de bebidas. La m\u00fasica que recibir\u00e1 al p\u00fablico en la sala estar\u00e1 a cargo de la guitarrista Eugenia Renata, que compone el tr\u00edo que luego estar\u00e1 en escena junto a Fabricio Montilla y Jonatan R\u00edos. Adem\u00e1s, Fondo de Bikini y Esha son los invitados especiales que se sumar\u00e1n al encuentro. La puesta lum\u00ednica de Fernando Torres acompa\u00f1a el universo sonoro del espect\u00e1culo.\u00a0<\/p>\n<p>&nbsp;<\/p>\n<p dir=\"ltr\"><strong>\u201cEncendido\u201d de Fabricio Montilla sube a escena el viernes 27 de septiembre, a las 21:30 hs, en la Sala Audit\u00f3rium del Teatro del Bicentenario. La entrada general de $4000 ya se encuentra disponible en Boleter\u00eda del TB de lunes a viernes de 9:00 a 14:00 hs, 16:00 a 20:00 hs y los s\u00e1bados de 10:00 a 14:00 hs, o el d\u00eda del evento desde una hora antes del comienzo. Tambi\u00e9n se encuentra disponible en TuEntrada.com <a href=\"https:\/\/tbsj.tuentrada.com\/selection\/event\/date?productId=10229047639910\" target=\"_blank\" rel=\"noopener\" data-saferedirecturl=\"https:\/\/www.google.com\/url?q=https:\/\/tbsj.tuentrada.com\/selection\/event\/date?productId%3D10229047639910&amp;source=gmail&amp;ust=1725458525621000&amp;usg=AOvVaw1yJZO9mqc6ebL_G4lYYBdA\">https:\/\/tbsj.tuentrada.com\/<wbr \/>selection\/event\/date?<wbr \/>productId=10229047639910<\/a><\/strong><\/p>\n<p>&nbsp;<\/p>\n<p dir=\"ltr\"><strong>SOBRE FABRICIO MONTILLA<\/strong><\/p>\n<p dir=\"ltr\">Fabricio Montilla es un artista sanjuanino muy inquieto y multifac\u00e9tico que cuenta con treinta a\u00f1os de trayectoria en la m\u00fasica, el teatro y la literatura argentina. Lleva editados cinco \u00e1lbumes independientes recorriendo el indie, el pop y el folk con diferentes formaciones musicales. Su nueva obra ha transmutado del indie folk al electro pop latinoamericano situado en San Juan, Argentina. Su nuevo \u00e1lbum se titula \u201cEncendido\u201d , un cambio de piel que presentar\u00e1 en Argentina y Chile. El productor musical del \u00e1lbum es Kevin Borensztein y fue masterizado por Eduardo Bergallo.<\/p>\n<p dir=\"ltr\">\u00a0<\/p>\n<p dir=\"ltr\"><strong>SOBRE ENCENDIDO<\/strong><\/p>\n<p dir=\"ltr\">\u201cEncendido\u201d es el sexto \u00e1lbum del sanjuanino Fabricio Montilla. Siete canciones de sonoridad pop y urbana, una obra digital producida por Kevin Borensztein (No Lo Soporto e Intr\u00e9pidos Navegantes). Canciones construidas a partir de m\u00e1quinas de ritmo, sintetizadores envolventes y samplers. Fabricio nos trae paisajes sonoros melanc\u00f3licos, introspectivos, y a la vez, energizantes. \u201cEncendido\u201d le canta a la vida moderna desde recuperar el contacto humano en los abrazos o el cuidado de la cordillera y el agua, hasta evocar la libertad o el amor. Nos propone melod\u00edas pop y repeticiones hipn\u00f3ticas para bailar con synth pop, house, reggaet\u00f3n y R&amp;B.<\/p>","protected":false},"excerpt":{"rendered":"<p>El artista y compositor sanjuanino apuesta por la Sala Audit\u00f3rium del Teatro del Bicentenario con artistas invitados, el pr\u00f3ximo viernes 27 de septiembre, a las 21:30 hs. Entradas a la venta. &nbsp; Se trata de \u201cEncendido\u201d, el sexto y nuevo disco de Fabricio Montilla que&#8230;<\/p>","protected":false},"author":4,"featured_media":25948,"comment_status":"closed","ping_status":"closed","sticky":false,"template":"","format":"standard","meta":{"h5ap_radio_sources":[],"footnotes":""},"categories":[99],"tags":[152,151],"class_list":["post-25947","post","type-post","status-publish","format-standard","has-post-thumbnail","hentry","category-novedades","tag-fabri-montilla","tag-sala-auditorium"],"_links":{"self":[{"href":"https:\/\/www.teatrodelbicentenariosanjuan.org\/en\/wp-json\/wp\/v2\/posts\/25947","targetHints":{"allow":["GET"]}}],"collection":[{"href":"https:\/\/www.teatrodelbicentenariosanjuan.org\/en\/wp-json\/wp\/v2\/posts"}],"about":[{"href":"https:\/\/www.teatrodelbicentenariosanjuan.org\/en\/wp-json\/wp\/v2\/types\/post"}],"author":[{"embeddable":true,"href":"https:\/\/www.teatrodelbicentenariosanjuan.org\/en\/wp-json\/wp\/v2\/users\/4"}],"replies":[{"embeddable":true,"href":"https:\/\/www.teatrodelbicentenariosanjuan.org\/en\/wp-json\/wp\/v2\/comments?post=25947"}],"version-history":[{"count":1,"href":"https:\/\/www.teatrodelbicentenariosanjuan.org\/en\/wp-json\/wp\/v2\/posts\/25947\/revisions"}],"predecessor-version":[{"id":25949,"href":"https:\/\/www.teatrodelbicentenariosanjuan.org\/en\/wp-json\/wp\/v2\/posts\/25947\/revisions\/25949"}],"wp:featuredmedia":[{"embeddable":true,"href":"https:\/\/www.teatrodelbicentenariosanjuan.org\/en\/wp-json\/wp\/v2\/media\/25948"}],"wp:attachment":[{"href":"https:\/\/www.teatrodelbicentenariosanjuan.org\/en\/wp-json\/wp\/v2\/media?parent=25947"}],"wp:term":[{"taxonomy":"category","embeddable":true,"href":"https:\/\/www.teatrodelbicentenariosanjuan.org\/en\/wp-json\/wp\/v2\/categories?post=25947"},{"taxonomy":"post_tag","embeddable":true,"href":"https:\/\/www.teatrodelbicentenariosanjuan.org\/en\/wp-json\/wp\/v2\/tags?post=25947"}],"curies":[{"name":"wp","href":"https:\/\/api.w.org\/{rel}","templated":true}]}}