{"id":25950,"date":"2024-08-12T11:34:40","date_gmt":"2024-08-12T14:34:40","guid":{"rendered":"https:\/\/www.teatrodelbicentenariosanjuan.org\/?p=25950"},"modified":"2024-09-03T11:38:22","modified_gmt":"2024-09-03T14:38:22","slug":"para-los-mas-chicos-el-tb-presenta-la-flauta-magica","status":"publish","type":"post","link":"https:\/\/www.teatrodelbicentenariosanjuan.org\/en\/novedades\/para-los-mas-chicos-el-tb-presenta-la-flauta-magica\/","title":{"rendered":"PARA LOS M\u00c1S CHICOS, EL TB PRESENTA \u201cLA FLAUTA M\u00c1GICA\u201d\u00a0"},"content":{"rendered":"<p dir=\"ltr\"><em>En el marco de las actividades para Infancias e Introducci\u00f3n a la \u00f3pera, el TB lanza una convocatoria para alumnos de 3\u00b0, 4\u00b0, 5\u00b0 y 6\u00b0 grado de escuelas e instituciones educativas de la provincia con una propuesta art\u00edstica. Inscripciones abiertas hasta el 19 de agosto, cupo limitado.<\/em><\/p>\n<p>&nbsp;<\/p>\n<p dir=\"ltr\">El Teatro del Bicentenario, dependiente del Ministerio de Turismo, Cultura y Deporte, con el apoyo de la Fundaci\u00f3n Banco San Juan, Proyecto Josemar\u00eda y Dar\u00edo Coradeghini, pone en escena \u201cLA FLAUTA M\u00c1GICA\u201d, c\u00e9lebre \u00f3pera de Wolfgang Amadeus Mozart, en una versi\u00f3n al piano en espa\u00f1ol de Mar\u00eda Concepci\u00f3n y Mar\u00eda de la Paz Perre. La misma, cuenta con la participaci\u00f3n al piano de la Maestra Eduviges Picone, junto a cantantes solistas invitados y participantes del Programa Opera Training que dirige Ver\u00f3nica Cangemi.\u00a0<\/p>\n<p dir=\"ltr\">La \u00f3pera, que se dejar\u00e1 ver en septiembre pr\u00f3ximo, est\u00e1 basada en la concepci\u00f3n esc\u00e9nica (escenograf\u00eda, utiler\u00eda y vestuario) de la versi\u00f3n\u00a0 \u201cLA FLAUTA M\u00c1GICA\u201d que se estren\u00f3 mundialmente en el a\u00f1o 2019, bajo la concepci\u00f3n original del Maestro Eugenio Zanetti, y bajo la producci\u00f3n integral del Teatro del Bicentenario.<\/p>\n<p>&nbsp;<\/p>\n<p dir=\"ltr\">Es una propuesta art\u00edstica y did\u00e1ctica destinada a alumnos de 3\u00b0, 4\u00b0, 5\u00b0 y 6\u00b0 grado de escuelas primarias de la provincia que tiene como objetivo acercar a m\u00e1s de 7000 ni\u00f1os de la provincia a vivir una experiencia \u00fanica e introducirse en el maravilloso mundo de la \u00f3pera, g\u00e9nero asociado a la m\u00fasica cl\u00e1sica, considerada una forma teatral que narra una historia, a trav\u00e9s de la m\u00fasica en esta oportunidad al piano.\u00a0<\/p>\n<p>&nbsp;<\/p>\n<p dir=\"ltr\">La convocatoria est\u00e1 abierta a escuelas e instituciones educativas de educaci\u00f3n com\u00fan de toda la provincia, con cupo limitado. Para poder participar, los docentes a cargo deber\u00e1n inscribir previamente a sus alumnos a trav\u00e9s del siguiente formulario: <a href=\"https:\/\/docs.google.com\/forms\/d\/e\/1FAIpQLSfcO3m7wOfVIS9t0REU1Nmi9rccQctVRhynbX_h0WokRDZiVQ\/viewform\" target=\"_blank\" rel=\"noopener\" data-saferedirecturl=\"https:\/\/www.google.com\/url?q=https:\/\/docs.google.com\/forms\/d\/e\/1FAIpQLSfcO3m7wOfVIS9t0REU1Nmi9rccQctVRhynbX_h0WokRDZiVQ\/viewform&amp;source=gmail&amp;ust=1725458525720000&amp;usg=AOvVaw0aM2cAMcoC5geIASzPJQTp\">https:\/\/docs.google.com\/forms\/<wbr \/>d\/e\/<wbr \/>1FAIpQLSfcO3m7wOfVIS9t0REU1Nmi<wbr \/>9rccQctVRhynbX_h0WokRDZiVQ\/<wbr \/>viewform<\/a>.<\/p>\n<p>&nbsp;<\/p>\n<p dir=\"ltr\">El Teatro del Bicentenario presentar\u00e1 funciones gratuitas los d\u00edas 17, 18, 19 y 20 de septiembre en doble funci\u00f3n por d\u00eda (11:00 hs y 15:00 hs), en la Sala Principal del Teatro.<\/p>\n<p>&nbsp;<\/p>\n<p dir=\"ltr\"><strong>Sobre LA FLAUTA M\u00c1GICA<\/strong><\/p>\n<p dir=\"ltr\">La \u00f3pera al piano tendr\u00e1 en escena seis personajes, donde el extravagante Papageno nos gu\u00eda por la fant\u00e1stica leyenda de \u201cLA FLAUTA M\u00c1GICA\u201d. El pr\u00edncipe Tamino conoce a la Reina de la Noche. Ella le pide que rescate a su hija Pamina, a quien Sarastro, el l\u00edder de los sabios, tiene prisionera.\u00a0<\/p>\n<p dir=\"ltr\">Al ver el retrato de la joven, el pr\u00edncipe se enamora. La Reina le da una flauta m\u00e1gica, que le ser\u00e1 \u00fatil en su traves\u00eda, acompa\u00f1ado por su amigo Papageno.<\/p>\n<p dir=\"ltr\">Luego de enfrentar peligros y superar pruebas, felices celebran que el amor y la m\u00fasica triunfan una vez m\u00e1s.<\/p>\n<p><span id=\"m_-2049179099967614922gmail-docs-internal-guid-121e7ac1-7fff-9400-61d2-e1c8e9eeae61\"><br \/>\n<b>Para mayor informaci\u00f3n, podr\u00e1n hacer sus consultas al siguiente mail: <a href=\"mailto:gestiondepublicotdb@gmail.com\" target=\"_blank\" rel=\"noopener\">gestiondepublicotdb@gmail.com<\/a><\/b><\/span><\/p>","protected":false},"excerpt":{"rendered":"<p>En el marco de las actividades para Infancias e Introducci\u00f3n a la \u00f3pera, el TB lanza una convocatoria para alumnos de 3\u00b0, 4\u00b0, 5\u00b0 y 6\u00b0 grado de escuelas e instituciones educativas de la provincia con una propuesta art\u00edstica. Inscripciones abiertas hasta el 19 de&#8230;<\/p>","protected":false},"author":4,"featured_media":25951,"comment_status":"closed","ping_status":"closed","sticky":false,"template":"","format":"standard","meta":{"h5ap_radio_sources":[],"footnotes":""},"categories":[99],"tags":[156,153,154,155,157],"class_list":["post-25950","post","type-post","status-publish","format-standard","has-post-thumbnail","hentry","category-novedades","tag-educativa","tag-la-flauta-magica","tag-mozart","tag-opera","tag-san-juan-tb"],"_links":{"self":[{"href":"https:\/\/www.teatrodelbicentenariosanjuan.org\/en\/wp-json\/wp\/v2\/posts\/25950","targetHints":{"allow":["GET"]}}],"collection":[{"href":"https:\/\/www.teatrodelbicentenariosanjuan.org\/en\/wp-json\/wp\/v2\/posts"}],"about":[{"href":"https:\/\/www.teatrodelbicentenariosanjuan.org\/en\/wp-json\/wp\/v2\/types\/post"}],"author":[{"embeddable":true,"href":"https:\/\/www.teatrodelbicentenariosanjuan.org\/en\/wp-json\/wp\/v2\/users\/4"}],"replies":[{"embeddable":true,"href":"https:\/\/www.teatrodelbicentenariosanjuan.org\/en\/wp-json\/wp\/v2\/comments?post=25950"}],"version-history":[{"count":1,"href":"https:\/\/www.teatrodelbicentenariosanjuan.org\/en\/wp-json\/wp\/v2\/posts\/25950\/revisions"}],"predecessor-version":[{"id":25952,"href":"https:\/\/www.teatrodelbicentenariosanjuan.org\/en\/wp-json\/wp\/v2\/posts\/25950\/revisions\/25952"}],"wp:featuredmedia":[{"embeddable":true,"href":"https:\/\/www.teatrodelbicentenariosanjuan.org\/en\/wp-json\/wp\/v2\/media\/25951"}],"wp:attachment":[{"href":"https:\/\/www.teatrodelbicentenariosanjuan.org\/en\/wp-json\/wp\/v2\/media?parent=25950"}],"wp:term":[{"taxonomy":"category","embeddable":true,"href":"https:\/\/www.teatrodelbicentenariosanjuan.org\/en\/wp-json\/wp\/v2\/categories?post=25950"},{"taxonomy":"post_tag","embeddable":true,"href":"https:\/\/www.teatrodelbicentenariosanjuan.org\/en\/wp-json\/wp\/v2\/tags?post=25950"}],"curies":[{"name":"wp","href":"https:\/\/api.w.org\/{rel}","templated":true}]}}