{"id":25965,"date":"2024-09-06T12:23:23","date_gmt":"2024-09-06T15:23:23","guid":{"rendered":"https:\/\/www.teatrodelbicentenariosanjuan.org\/?p=25965"},"modified":"2024-09-06T12:23:23","modified_gmt":"2024-09-06T15:23:23","slug":"el-folklore-cuyano-llega-al-tb-de-la-mano-de-giovenco-en-guitarras","status":"publish","type":"post","link":"https:\/\/www.teatrodelbicentenariosanjuan.org\/en\/novedades\/el-folklore-cuyano-llega-al-tb-de-la-mano-de-giovenco-en-guitarras\/","title":{"rendered":"EL FOLKLORE CUYANO LLEGA AL TB DE LA MANO DE GIOVENCO EN GUITARRAS"},"content":{"rendered":"<p dir=\"ltr\"><em>El m\u00fasico sanjuanino sube a escena junto a La Nafta (C\u00f3rdoba) el pr\u00f3ximo <strong>viernes 20 de septiembre, a las 21:30 hs,<\/strong> en la Sala Audit\u00f3rium del Teatro del Bicentenario. Entradas en venta.\u00a0<\/em><\/p>\n<p>&nbsp;<\/p>\n<p dir=\"ltr\">El Ministerio de Turismo, Cultura y Deporte, a trav\u00e9s del Teatro del Bicentenario, presenta \u201cGiovenco en guitarras\u201d que junto a un cuarteto de guitarras cordob\u00e9s, La Nafta, brindar\u00e1n un espect\u00e1culo folkl\u00f3rico.\u00a0<\/p>\n<p>&nbsp;<\/p>\n<p dir=\"ltr\">Daniel Giovenco invita al cuarteto de guitarras para hacer un repaso de su trayectoria como cantautor y artista. Con arreglos musicales escritos especialmente para la ocasi\u00f3n, el repertorio estar\u00e1 conformado por versiones in\u00e9ditas de su obra. Tonadas, cuecas y valses del autor ser\u00e1n interpretados por la formaci\u00f3n tradicional de la m\u00fasica folkl\u00f3rica de Cuyo: un conjunto de guitarras.<\/p>\n<p>&nbsp;<\/p>\n<p dir=\"ltr\"><strong>La funci\u00f3n de 75 minutos de duraci\u00f3n ser\u00e1 el pr\u00f3ximo viernes 20 de septiembre, a las 21:30 hs, en la Sala Audit\u00f3rium del TB. La entrada general de $5000 se encuentra disponible en Boleter\u00eda de lunes a viernes de 9:00 a 14:00 hs, 16:00 a 20:00 hs, y los s\u00e1bados de 10:00 a 14:00 hs. Tambi\u00e9n se encuentran a la venta en TuEntrada.com <\/strong><a href=\"https:\/\/tbsj.tuentrada.com\/selection\/event\/date?productId=10229057527511\" target=\"_blank\" rel=\"noopener\" data-saferedirecturl=\"https:\/\/www.google.com\/url?q=https:\/\/tbsj.tuentrada.com\/selection\/event\/date?productId%3D10229057527511&amp;source=gmail&amp;ust=1725722422182000&amp;usg=AOvVaw3AyZ_2A9WGBnBCz0zGZr1_\"><strong>https:\/\/tbsj.tuentrada.com\/<wbr \/>selection\/event\/date?<wbr \/>productId=10229057527511<\/strong><\/a><\/p>\n<p>&nbsp;<\/p>\n<p dir=\"ltr\"><strong>Sobre Daniel Giovenco\u00a0<\/strong><\/p>\n<p dir=\"ltr\">Daniel Giovenco es cantautor, m\u00fasico y poeta sanjuanino con m\u00e1s de 40 a\u00f1os de trayectoria. Ha recorrido numerosos escenarios a lo largo y ancho del pa\u00eds, llevando su\u00a0vasto repertorio de tonadas, cuecas, gatos y trova. Sus composiciones son interpretadas\u00a0por numerosos artistas folkl\u00f3ricos de San Juan y otras latitudes, generando cruces\u00a0generacionales y estableciendo lazos con culturas musicales y p\u00fablicos de otros g\u00e9neros,como el rock y la canci\u00f3n.<\/p>\n<p dir=\"ltr\">Admirado y respetado por colegas, querido y ovacionado por su p\u00fablico, Giovenco pinta y\u00a0evoca el paisaje sanjuanino, sus fincas, los cerros, los personajes peculiares y bohemios\u00a0que habitan sus barrios. Narra sus rituales, la cuyan\u00eda y las serenatas, pero tambi\u00e9n el\u00a0cruce entre lo rural y lo urbano, all\u00ed donde el trabajador de la ciudad va a buscar el jornal a\u00a0la cosecha y un viejo canal de riego es tapado por el pavimento. Su mirada tampoco le\u00a0esquiva a cantar y escribir sobre las injusticias del presente, los dolores del pasado, las\u00a0angustias y el sufrimiento mutuo de la comunidad y el ecosistema que cohabitan.<\/p>\n<p dir=\"ltr\">Daniel Giovenco es el eslab\u00f3n vivo que une la m\u00fasica y la poes\u00eda sanjuanina de Ernesto\u00a0Villavicencio y Raul de la Torre, con el nuevo cancionero latinoamericano de los a\u00f1os 60 y la\u00a0sensibilidad y vuelo de los pioneros del rock nacional argentino.<\/p>\n<p>&nbsp;<\/p>\n<p dir=\"ltr\"><strong>Sobre La Nafta<\/strong><\/p>\n<p dir=\"ltr\">La Nafta es un cuarteto de guitarras criollo formado en el hist\u00f3rico barrio de San Vicente (C\u00f3rdoba) a inicios del 2022.<\/p>\n<p dir=\"ltr\">En su repertorio conviven tangos, valses y milongas del siglo pasado interpretados con la potencia y energ\u00eda de cuatro j\u00f3venes que viven la realidad del mundo contempor\u00e1neo.<\/p>\n<p dir=\"ltr\">La Nafta se nutre de la tradici\u00f3n guitarr\u00edstica del tango (con arreglos y versiones de Roberto Grela, Palermo Tr\u00edo y Edmundo Rivero), a la par que elabora sus propias adaptaciones del repertorio de orquesta t\u00edpica a su formato orquestal de guitarras.<\/p>","protected":false},"excerpt":{"rendered":"<p>El m\u00fasico sanjuanino sube a escena junto a La Nafta (C\u00f3rdoba) el pr\u00f3ximo viernes 20 de septiembre, a las 21:30 hs, en la Sala Audit\u00f3rium del Teatro del Bicentenario. Entradas en venta.\u00a0 &nbsp; El Ministerio de Turismo, Cultura y Deporte, a trav\u00e9s del Teatro del&#8230;<\/p>","protected":false},"author":4,"featured_media":25966,"comment_status":"closed","ping_status":"closed","sticky":false,"template":"","format":"standard","meta":{"h5ap_radio_sources":[],"footnotes":""},"categories":[99],"tags":[162,150,164,161,163,151],"class_list":["post-25965","post","type-post","status-publish","format-standard","has-post-thumbnail","hentry","category-novedades","tag-cordoba","tag-cuyo","tag-daniel-giovenco","tag-folklore","tag-la-nafta","tag-sala-auditorium"],"_links":{"self":[{"href":"https:\/\/www.teatrodelbicentenariosanjuan.org\/en\/wp-json\/wp\/v2\/posts\/25965","targetHints":{"allow":["GET"]}}],"collection":[{"href":"https:\/\/www.teatrodelbicentenariosanjuan.org\/en\/wp-json\/wp\/v2\/posts"}],"about":[{"href":"https:\/\/www.teatrodelbicentenariosanjuan.org\/en\/wp-json\/wp\/v2\/types\/post"}],"author":[{"embeddable":true,"href":"https:\/\/www.teatrodelbicentenariosanjuan.org\/en\/wp-json\/wp\/v2\/users\/4"}],"replies":[{"embeddable":true,"href":"https:\/\/www.teatrodelbicentenariosanjuan.org\/en\/wp-json\/wp\/v2\/comments?post=25965"}],"version-history":[{"count":1,"href":"https:\/\/www.teatrodelbicentenariosanjuan.org\/en\/wp-json\/wp\/v2\/posts\/25965\/revisions"}],"predecessor-version":[{"id":25967,"href":"https:\/\/www.teatrodelbicentenariosanjuan.org\/en\/wp-json\/wp\/v2\/posts\/25965\/revisions\/25967"}],"wp:featuredmedia":[{"embeddable":true,"href":"https:\/\/www.teatrodelbicentenariosanjuan.org\/en\/wp-json\/wp\/v2\/media\/25966"}],"wp:attachment":[{"href":"https:\/\/www.teatrodelbicentenariosanjuan.org\/en\/wp-json\/wp\/v2\/media?parent=25965"}],"wp:term":[{"taxonomy":"category","embeddable":true,"href":"https:\/\/www.teatrodelbicentenariosanjuan.org\/en\/wp-json\/wp\/v2\/categories?post=25965"},{"taxonomy":"post_tag","embeddable":true,"href":"https:\/\/www.teatrodelbicentenariosanjuan.org\/en\/wp-json\/wp\/v2\/tags?post=25965"}],"curies":[{"name":"wp","href":"https:\/\/api.w.org\/{rel}","templated":true}]}}