{"id":25968,"date":"2024-09-06T13:06:29","date_gmt":"2024-09-06T16:06:29","guid":{"rendered":"https:\/\/www.teatrodelbicentenariosanjuan.org\/?p=25968"},"modified":"2024-09-06T13:06:29","modified_gmt":"2024-09-06T16:06:29","slug":"la-sala-auditorium-vuelve-a-danzar-de-la-mano-de-tablao-flamenco-y-copla","status":"publish","type":"post","link":"https:\/\/www.teatrodelbicentenariosanjuan.org\/en\/novedades\/la-sala-auditorium-vuelve-a-danzar-de-la-mano-de-tablao-flamenco-y-copla\/","title":{"rendered":"LA SALA AUDIT\u00d3RIUM VUELVE A DANZAR DE LA MANO DE TABLAO FLAMENCO Y COPLA"},"content":{"rendered":"<p dir=\"ltr\"><em>El espect\u00e1culo ser\u00e1 el pr\u00f3ximo<strong> s\u00e1bado 28 de septiembre, a las 22:00 hs<\/strong>, en la Sala Audit\u00f3rium del Teatro del Bicentenario. Entradas a la venta.\u00a0<\/em><\/p>\n<p dir=\"ltr\">El Ministerio de Turismo, Cultura y Deporte, a trav\u00e9s del Teatro del Bicentenario, presenta \u201cTablao flamenco y copla\u201d, un espect\u00e1culo a cargo de la compa\u00f1\u00eda Aires de C\u00e1diz junto al grupo musical de Mariana Clemens\u00f3.\u00a0<\/p>\n<p dir=\"ltr\">En esta ocasi\u00f3n, el grupo independiente dirigido por Cuky Maestro se re\u00fane por primera vez en el escenario con Clemens\u00f3 para brindar una serie de cuadros art\u00edsticos con repertorios de coplas, boleros, flamenco puro y fusi\u00f3n, con elementos que aparecer\u00e1n en la danza como la bata de cola, el abanico y mant\u00f3n. La propuesta fusiona lo tradicional con lo moderno, haciendo de un Tablao flamenco o de una Copla, una escena llamativa y viva.\u00a0<\/p>\n<p dir=\"ltr\">El p\u00fablico disfrutar\u00e1 de un evocador espect\u00e1culo de 70 minutos a pura m\u00fasica y danza espa\u00f1ola.\u00a0\u00a0<\/p>\n<p dir=\"ltr\"><strong>Tablao flamenco y copla sube a escena el pr\u00f3ximo s\u00e1bado 28 de septiembre, a las 22:00 hs, en la Sala Audit\u00f3rium del Teatro del Bicentenario. La entrada general de $8000 se encuentra disponible en Boleter\u00eda con descuentos exclusivos de lunes a viernes de 9:00 a 14:00 hs, 16:00 a 20:00 hs, y los s\u00e1bados de 10:00 a 14:00 hs o desde una hora antes de la funci\u00f3n. Tambi\u00e9n se encuentra disponible en TuEntrada.com <a href=\"https:\/\/tbsj.tuentrada.com\/selection\/event\/date?productId=10229060034527\" target=\"_blank\" rel=\"noopener\" data-saferedirecturl=\"https:\/\/www.google.com\/url?q=https:\/\/tbsj.tuentrada.com\/selection\/event\/date?productId%3D10229060034527&amp;source=gmail&amp;ust=1725722422176000&amp;usg=AOvVaw3Lxat1aPnfPkL85xVbWie8\">https:\/\/tbsj.tuentrada.com\/<wbr \/>selection\/event\/date?<wbr \/>productId=10229060034527<\/a><\/strong><\/p>\n<p dir=\"ltr\"><b><\/p>\n<p><\/b><\/p>\n<p dir=\"ltr\"><strong>FUNCI\u00d3N CON BENEFICIOS (Exclusivos en Boleter\u00eda del TB)<\/strong><\/p>\n<p dir=\"ltr\">\u00a0\u2013\u00a0 \u00a0 \u00a0 \u00a0 \u00a0 TICKET YA: 20% de descuento en todas las funciones y ubicaci\u00f3n a elecci\u00f3n hasta 72hs ANTES del evento (hasta 2 tickets por persona).<\/p>\n<p dir=\"ltr\">\u2013 \u00a0 \u00a0 \u00a0 \u00a0 \u00a0Ticket Joven: 50% de descuento para j\u00f3venes de 13 hasta 24 a\u00f1os, inclusive, presentando DNI; en todas las funciones, ubicaci\u00f3n a elecci\u00f3n.<\/p>\n<p dir=\"ltr\">\u2013\u00a0 \u00a0 \u00a0 \u00a0 \u00a0Ticket JUBILADOS: 20% de descuento a jubilados presentando DNI \u2013 recibo de haberes y\/o carnet PAMI (hasta 2 tickets por persona).\u00a0<\/p>\n<p dir=\"ltr\">Descuentos v\u00e1lidos solo en Boleter\u00eda del TB, de lunes a viernes de 9:30 a 14:00 hs, de 16:00 a 20:00 hs y s\u00e1bados de 10:00 a 14:00 hs, o el d\u00eda de la funci\u00f3n desde 1 hora antes de la misma.<\/p>","protected":false},"excerpt":{"rendered":"<p>El espect\u00e1culo ser\u00e1 el pr\u00f3ximo s\u00e1bado 28 de septiembre, a las 22:00 hs, en la Sala Audit\u00f3rium del Teatro del Bicentenario. Entradas a la venta.\u00a0 El Ministerio de Turismo, Cultura y Deporte, a trav\u00e9s del Teatro del Bicentenario, presenta \u201cTablao flamenco y copla\u201d, un espect\u00e1culo&#8230;<\/p>","protected":false},"author":4,"featured_media":25969,"comment_status":"closed","ping_status":"closed","sticky":false,"template":"","format":"standard","meta":{"h5ap_radio_sources":[],"footnotes":""},"categories":[99],"tags":[167,165,151,166],"class_list":["post-25968","post","type-post","status-publish","format-standard","has-post-thumbnail","hentry","category-novedades","tag-copla","tag-flamenco","tag-sala-auditorium","tag-tablao"],"_links":{"self":[{"href":"https:\/\/www.teatrodelbicentenariosanjuan.org\/en\/wp-json\/wp\/v2\/posts\/25968","targetHints":{"allow":["GET"]}}],"collection":[{"href":"https:\/\/www.teatrodelbicentenariosanjuan.org\/en\/wp-json\/wp\/v2\/posts"}],"about":[{"href":"https:\/\/www.teatrodelbicentenariosanjuan.org\/en\/wp-json\/wp\/v2\/types\/post"}],"author":[{"embeddable":true,"href":"https:\/\/www.teatrodelbicentenariosanjuan.org\/en\/wp-json\/wp\/v2\/users\/4"}],"replies":[{"embeddable":true,"href":"https:\/\/www.teatrodelbicentenariosanjuan.org\/en\/wp-json\/wp\/v2\/comments?post=25968"}],"version-history":[{"count":1,"href":"https:\/\/www.teatrodelbicentenariosanjuan.org\/en\/wp-json\/wp\/v2\/posts\/25968\/revisions"}],"predecessor-version":[{"id":25970,"href":"https:\/\/www.teatrodelbicentenariosanjuan.org\/en\/wp-json\/wp\/v2\/posts\/25968\/revisions\/25970"}],"wp:featuredmedia":[{"embeddable":true,"href":"https:\/\/www.teatrodelbicentenariosanjuan.org\/en\/wp-json\/wp\/v2\/media\/25969"}],"wp:attachment":[{"href":"https:\/\/www.teatrodelbicentenariosanjuan.org\/en\/wp-json\/wp\/v2\/media?parent=25968"}],"wp:term":[{"taxonomy":"category","embeddable":true,"href":"https:\/\/www.teatrodelbicentenariosanjuan.org\/en\/wp-json\/wp\/v2\/categories?post=25968"},{"taxonomy":"post_tag","embeddable":true,"href":"https:\/\/www.teatrodelbicentenariosanjuan.org\/en\/wp-json\/wp\/v2\/tags?post=25968"}],"curies":[{"name":"wp","href":"https:\/\/api.w.org\/{rel}","templated":true}]}}