{"id":25985,"date":"2024-09-10T09:59:15","date_gmt":"2024-09-10T12:59:15","guid":{"rendered":"https:\/\/www.teatrodelbicentenariosanjuan.org\/?p=25985"},"modified":"2024-09-23T10:51:01","modified_gmt":"2024-09-23T13:51:01","slug":"el-tb-sera-una-de-las-sedes-de-la-segunda-edicion-del-festival-cuyo-contemporaneo","status":"publish","type":"post","link":"https:\/\/www.teatrodelbicentenariosanjuan.org\/en\/novedades\/el-tb-sera-una-de-las-sedes-de-la-segunda-edicion-del-festival-cuyo-contemporaneo\/","title":{"rendered":"EL TB SER\u00c1 UNA DE LAS SEDES DE LA SEGUNDA EDICI\u00d3N DEL FESTIVAL CUYO CONTEMPOR\u00c1NEO"},"content":{"rendered":"<p dir=\"ltr\"><em>El <strong>4, 5 y 6 de octubre<\/strong>, la <strong>Sala Principal del TB<\/strong>, ser\u00e1 una de las sedes del Festival Cuyo Contempor\u00e1neo que tiene como obra principal las composiciones electr\u00f3nicas del gran compositor alem\u00e1n Karlheinz Stockhausen. <strong>Entradas en venta<\/strong>.<\/em><\/p>\n<p dir=\"ltr\">El Teatro del Bicentenario, dependiente del Ministerio de Turismo, Cultura y Deporte, tendr\u00e1 en su octava temporada la segunda edici\u00f3n del \u201cFestival Cuyo Contempor\u00e1neo\u201d, un evento destinado a la producci\u00f3n y difusi\u00f3n de la creaci\u00f3n musical de vanguardia.\u00a0<\/p>\n<p dir=\"ltr\">Artistas internacionales, nacionales y locales brindar\u00e1n una serie de conciertos, clases magistrales, conferencias y actividades abiertas a la comunidad sanjuanina, en diferentes espacios de la provincia.\u00a0<\/p>\n<p dir=\"ltr\">En esta segunda edici\u00f3n, el Festival contar\u00e1 con la presentaci\u00f3n, por primera vez en Latinoam\u00e9rica, de obras maestras de la m\u00fasica electr\u00f3nica del compositor alem\u00e1n Karlheinz Stockhausen: \u201cCanto de los Adolescentes\u201d (Gesang der J\u00fcnglinge) (1956), \u201cTelemusik\u201d (1966) y \u201cKontakte\u201d (1960) son algunas de las aut\u00e9nticas joyas de la m\u00fasica electr\u00f3nica que se podr\u00e1n o\u00edr en su formato cuadraf\u00f3nico, tal cual las ide\u00f3 el compositor.<\/p>\n<p dir=\"ltr\">El concierto cuenta con la proyecci\u00f3n de sonido de estas tres piezas musicales a cargo de Juan Verdaguer, artista argentino que reside actualmente en Holanda, especialista en la m\u00fasica electr\u00f3nica de Stockhausen, que ha trabajado como director de sonido (sound projectionist) en importantes conciertos de m\u00fasica electr\u00f3nica, orquestal y de ensamble del compositor en Holanda y Alemania, y que trabaja regularmente en los Cursos de M\u00fasica de Stockhausen (Stockhausen-Kurse) en la ciudad alemana de K\u00fcrten.<\/p>\n<p dir=\"ltr\">El Teatro del Bicentenario ser\u00e1 sede el <strong>viernes 4 de octubre,<\/strong> a las<strong> 21:30 hs<\/strong> en la <strong>Main Concert Hall<\/strong>, del Concierto de la Orquesta Sinf\u00f3nica de la UNSJ a cargo del director invitado Christian Baldini y contar\u00e1 con la presencia de Mariano Ceballos como solista.\u00a0<\/p>\n<p dir=\"ltr\">El <strong>s\u00e1bado 5 y domingo 6 de octubre, a las 20:00 hs <\/strong>en la <strong>Main Concert Hall<\/strong>, el TB presenta <em>Kontakte,<\/em> un concierto con la m\u00fasica electr\u00f3nica de Karlheinz Stockhausen y las proyecciones sonoras de Juan Verdaguer. El domingo a las 18:00 hs, previo al concierto, se brindar\u00e1 una charla introductoria e informativa sobre lo que presenciar\u00e1 el p\u00fablico. Cabe destacar que la entrada adquirida para el concierto del d\u00eda s\u00e1bado, es v\u00e1lida tambi\u00e9n para asistir a la charla y concierto del d\u00eda domingo.<\/p>\n<p dir=\"ltr\">Las entradas tienen un valor de $3000, se pueden adquirir con beneficios exclusivos en Boleter\u00eda del TB de lunes a viernes de 9:30 a 14:00 hs, 16:00 a 20:00 hs y s\u00e1bado 10:00 a 14:00 hs o el d\u00eda de la funci\u00f3n desde dos horas antes de la misma. Tambi\u00e9n se encuentra disponible en TuEntrada.com <a href=\"https:\/\/www.tuentrada.com\/eventos\/detalle\/CUYO-CONTEMPORANEO\/885416665992\" target=\"_blank\" rel=\"noopener\" data-saferedirecturl=\"https:\/\/www.google.com\/url?q=https:\/\/www.tuentrada.com\/eventos\/detalle\/CUYO-CONTEMPORANEO\/885416665992&amp;source=gmail&amp;ust=1726058465015000&amp;usg=AOvVaw0TduWOZ7MqSwBPCVpqg_uV\">https:\/\/www.<wbr \/>tuentrada.com\/eventos\/detalle\/<wbr \/>CUYO-CONTEMPORANEO\/<wbr \/>885416665992<\/a><\/p>","protected":false},"excerpt":{"rendered":"<p>El 4, 5 y 6 de octubre, la Sala Principal del TB, ser\u00e1 una de las sedes del Festival Cuyo Contempor\u00e1neo que tiene como obra principal las composiciones electr\u00f3nicas del gran compositor alem\u00e1n Karlheinz Stockhausen. Entradas en venta. El Teatro del Bicentenario, dependiente del Ministerio&#8230;<\/p>","protected":false},"author":4,"featured_media":25986,"comment_status":"closed","ping_status":"closed","sticky":false,"template":"","format":"standard","meta":{"h5ap_radio_sources":[],"footnotes":""},"categories":[99],"tags":[169,168,145,170,158,171],"class_list":["post-25985","post","type-post","status-publish","format-standard","has-post-thumbnail","hentry","category-novedades","tag-contemporaneo","tag-festival","tag-musica","tag-stockhausen","tag-tb","tag-vanguardia"],"_links":{"self":[{"href":"https:\/\/www.teatrodelbicentenariosanjuan.org\/en\/wp-json\/wp\/v2\/posts\/25985","targetHints":{"allow":["GET"]}}],"collection":[{"href":"https:\/\/www.teatrodelbicentenariosanjuan.org\/en\/wp-json\/wp\/v2\/posts"}],"about":[{"href":"https:\/\/www.teatrodelbicentenariosanjuan.org\/en\/wp-json\/wp\/v2\/types\/post"}],"author":[{"embeddable":true,"href":"https:\/\/www.teatrodelbicentenariosanjuan.org\/en\/wp-json\/wp\/v2\/users\/4"}],"replies":[{"embeddable":true,"href":"https:\/\/www.teatrodelbicentenariosanjuan.org\/en\/wp-json\/wp\/v2\/comments?post=25985"}],"version-history":[{"count":3,"href":"https:\/\/www.teatrodelbicentenariosanjuan.org\/en\/wp-json\/wp\/v2\/posts\/25985\/revisions"}],"predecessor-version":[{"id":26000,"href":"https:\/\/www.teatrodelbicentenariosanjuan.org\/en\/wp-json\/wp\/v2\/posts\/25985\/revisions\/26000"}],"wp:featuredmedia":[{"embeddable":true,"href":"https:\/\/www.teatrodelbicentenariosanjuan.org\/en\/wp-json\/wp\/v2\/media\/25986"}],"wp:attachment":[{"href":"https:\/\/www.teatrodelbicentenariosanjuan.org\/en\/wp-json\/wp\/v2\/media?parent=25985"}],"wp:term":[{"taxonomy":"category","embeddable":true,"href":"https:\/\/www.teatrodelbicentenariosanjuan.org\/en\/wp-json\/wp\/v2\/categories?post=25985"},{"taxonomy":"post_tag","embeddable":true,"href":"https:\/\/www.teatrodelbicentenariosanjuan.org\/en\/wp-json\/wp\/v2\/tags?post=25985"}],"curies":[{"name":"wp","href":"https:\/\/api.w.org\/{rel}","templated":true}]}}