{"id":25997,"date":"2024-09-21T21:19:15","date_gmt":"2024-09-22T00:19:15","guid":{"rendered":"https:\/\/www.teatrodelbicentenariosanjuan.org\/?p=25997"},"modified":"2024-09-21T21:19:15","modified_gmt":"2024-09-22T00:19:15","slug":"la-flauta-magica-inicio-a-mas-de-6000-chicos-en-el-mundo-de-la-opera","status":"publish","type":"post","link":"https:\/\/www.teatrodelbicentenariosanjuan.org\/en\/novedades\/la-flauta-magica-inicio-a-mas-de-6000-chicos-en-el-mundo-de-la-opera\/","title":{"rendered":"\u201cLA FLAUTA M\u00c1GICA\u201d INICI\u00d3 A M\u00c1S DE 6000 CHICOS EN EL MUNDO DE LA \u00d3PERA"},"content":{"rendered":"<p dir=\"ltr\"><em>El TB finaliz\u00f3 la semana de Funciones Educativas e Introducci\u00f3n a la \u00d3pera que convoc\u00f3 a m\u00e1s de 6000 alumnos de escuelas e instituciones educativas de la provincia para disfrutar de una versi\u00f3n adaptada de la \u00f3pera de Mozart.<\/em><\/p>\n<p dir=\"ltr\">El Teatro del Bicentenario, dependiente del Ministerio de Turismo, Cultura y Deporte, con el apoyo de la Fundaci\u00f3n Banco San Juan, Proyecto Josemar\u00eda y Dar\u00edo Coradeghini, puso en marcha una marat\u00f3n de funciones educativas de<strong> \u201cLA FLAUTA M\u00c1GICA\u201d<\/strong>, c\u00e9lebre \u00f3pera de Wolfgang Amadeus Mozart, en una versi\u00f3n al piano en espa\u00f1ol de Mar\u00eda Concepci\u00f3n y Mar\u00eda de la Paz Perre. La misma, cont\u00f3 con la participaci\u00f3n al piano de la Maestra Eduviges Picone, junto a cantantes solistas invitados y participantes del Programa Opera Training que dirige Ver\u00f3nica Cangemi.\u00a0<\/p>\n<p dir=\"ltr\">La \u00f3pera que estuvo en escena 7 funciones, una fue suspendida por razones clim\u00e1ticas, est\u00e1 basada en la concepci\u00f3n esc\u00e9nica (escenograf\u00eda, utiler\u00eda y vestuario) de la versi\u00f3n\u00a0 \u201cLA FLAUTA M\u00c1GICA\u201d que se estren\u00f3 mundialmente en el a\u00f1o 2019, bajo la concepci\u00f3n original del Maestro Eugenio Zanetti, y bajo la producci\u00f3n integral del Teatro del Bicentenario.<\/p>\n<p dir=\"ltr\">Durante la semana, alumnos de 3\u00b0, 4\u00b0, 5\u00b0 y 6\u00b0 grado de escuelas primarias y diferentes instituciones de la provincia, asistieron al teatro y se emocionaron con la historia de Papageno, Tamino, Sarastro, Papagena, Pamina y la Reina de la Noche. La impactante escenograf\u00eda y vestuario deslumbr\u00f3 a los peque\u00f1os que, a la salida de la Sala Principal, expresaban con furor su admiraci\u00f3n a los artistas.\u00a0<\/p>\n<p dir=\"ltr\">La propuesta art\u00edstica y did\u00e1ctica se propuso como objetivo acercar a chicos y chicas de la provincia a introducirse en el maravilloso mundo de la \u00f3pera en una experiencia \u00fanica y enriquecedora. Este g\u00e9nero est\u00e1 asociado a la m\u00fasica cl\u00e1sica, considerado una forma teatral que narra una historia, a trav\u00e9s de la m\u00fasica que en esta oportunidad ser\u00e1 la del piano.<\/p>\n<p dir=\"ltr\"><strong>\u00d3PERA PARA TODOS LOS P\u00daBLICOS: ACTIVIDADES ACCESIBLES<\/strong><\/p>\n<p dir=\"ltr\">En su apuesta por brindar espect\u00e1culos art\u00edsticos para el disfrute de todos los p\u00fablicos, el Teatro del Bicentenario sum\u00f3 a la propuesta, por tercer a\u00f1o consecutivo, actividades accesibles: el d\u00eda mi\u00e9rcoles, se brind\u00f3 una visita t\u00e1ctil para personas con discapacidad visual y baja visi\u00f3n. De esta forma, una hora antes del ingreso, los asistentes tuvieron la oportunidad de familiarizarse con materiales del vestuario, sus texturas y utiler\u00eda. Al mismo tiempo, los gu\u00edas y voluntarios acompa\u00f1aron y describieron cada detalle acerca de la puesta en escena que pudiera enriquecer su experiencia.\u00a0 Del mismo modo, el viernes asistieron personas con discapacidad intelectual y, post funci\u00f3n, pudieron realizar un taller did\u00e1ctico junto a Eduviges Picone, equipo del TB y voluntarios.<\/p>\n<p dir=\"ltr\">Tambi\u00e9n, se dispuso de una sala blanda y aro magn\u00e9tico para recibir a personas con discapacidad auditiva o baja audici\u00f3n.<\/p>\n<p dir=\"ltr\">La suma de voluntades, en alianza estrat\u00e9gica con la Fundaci\u00f3n Banco San Juan y su programa \u201cCon la M\u00fasica a otra parte\u201d, el Proyecto Josemar\u00eda, la Fundaci\u00f3n Amigos del Teatro del Bicentenario, una incansable legi\u00f3n de voluntarios, y todo el Equipo del TB, hicieron posible concretar este ambicioso Programa.<\/p>\n<p dir=\"ltr\">De esta manera, el TB abri\u00f3 sus puertas y recibi\u00f3 con alegr\u00eda y felicidad, aproximadamente, a 100 instituciones educativas y m\u00e1s de 6000 peque\u00f1os que disfrutaron de la m\u00e1gica funci\u00f3n.<\/p>\n<p dir=\"ltr\"><strong>Sobre LA FLAUTA M\u00c1GICA<\/strong><\/p>\n<p dir=\"ltr\">La \u00f3pera al piano tuvo en escena seis personajes, donde el extravagante Papageno nos gu\u00eda por la fant\u00e1stica leyenda de \u201cLA FLAUTA M\u00c1GICA\u201d. El pr\u00edncipe Tamino conoce a la Reina de la Noche. Ella le pide que rescate a su hija Pamina, a quien Sarastro, el l\u00edder de los sabios, tiene prisionera.\u00a0<\/p>\n<p dir=\"ltr\">Al ver el retrato de la joven, el pr\u00edncipe se enamora. La Reina le da una flauta m\u00e1gica, que le ser\u00e1 \u00fatil en su traves\u00eda, acompa\u00f1ado por su amigo Papageno.<\/p>\n<p dir=\"ltr\">Luego de enfrentar peligros y superar pruebas, felices celebran que el amor y la m\u00fasica triunfan una vez m\u00e1s.<\/p>","protected":false},"excerpt":{"rendered":"<p>El TB finaliz\u00f3 la semana de Funciones Educativas e Introducci\u00f3n a la \u00d3pera que convoc\u00f3 a m\u00e1s de 6000 alumnos de escuelas e instituciones educativas de la provincia para disfrutar de una versi\u00f3n adaptada de la \u00f3pera de Mozart. El Teatro del Bicentenario, dependiente del&#8230;<\/p>","protected":false},"author":4,"featured_media":25998,"comment_status":"closed","ping_status":"closed","sticky":false,"template":"","format":"standard","meta":{"h5ap_radio_sources":[],"footnotes":""},"categories":[99],"tags":[],"class_list":["post-25997","post","type-post","status-publish","format-standard","has-post-thumbnail","hentry","category-novedades"],"_links":{"self":[{"href":"https:\/\/www.teatrodelbicentenariosanjuan.org\/en\/wp-json\/wp\/v2\/posts\/25997","targetHints":{"allow":["GET"]}}],"collection":[{"href":"https:\/\/www.teatrodelbicentenariosanjuan.org\/en\/wp-json\/wp\/v2\/posts"}],"about":[{"href":"https:\/\/www.teatrodelbicentenariosanjuan.org\/en\/wp-json\/wp\/v2\/types\/post"}],"author":[{"embeddable":true,"href":"https:\/\/www.teatrodelbicentenariosanjuan.org\/en\/wp-json\/wp\/v2\/users\/4"}],"replies":[{"embeddable":true,"href":"https:\/\/www.teatrodelbicentenariosanjuan.org\/en\/wp-json\/wp\/v2\/comments?post=25997"}],"version-history":[{"count":1,"href":"https:\/\/www.teatrodelbicentenariosanjuan.org\/en\/wp-json\/wp\/v2\/posts\/25997\/revisions"}],"predecessor-version":[{"id":25999,"href":"https:\/\/www.teatrodelbicentenariosanjuan.org\/en\/wp-json\/wp\/v2\/posts\/25997\/revisions\/25999"}],"wp:featuredmedia":[{"embeddable":true,"href":"https:\/\/www.teatrodelbicentenariosanjuan.org\/en\/wp-json\/wp\/v2\/media\/25998"}],"wp:attachment":[{"href":"https:\/\/www.teatrodelbicentenariosanjuan.org\/en\/wp-json\/wp\/v2\/media?parent=25997"}],"wp:term":[{"taxonomy":"category","embeddable":true,"href":"https:\/\/www.teatrodelbicentenariosanjuan.org\/en\/wp-json\/wp\/v2\/categories?post=25997"},{"taxonomy":"post_tag","embeddable":true,"href":"https:\/\/www.teatrodelbicentenariosanjuan.org\/en\/wp-json\/wp\/v2\/tags?post=25997"}],"curies":[{"name":"wp","href":"https:\/\/api.w.org\/{rel}","templated":true}]}}