{"id":26090,"date":"2024-10-24T15:46:49","date_gmt":"2024-10-24T18:46:49","guid":{"rendered":"https:\/\/www.teatrodelbicentenariosanjuan.org\/?p=26090"},"modified":"2024-11-04T13:58:29","modified_gmt":"2024-11-04T16:58:29","slug":"el-ensamble-barroco-brindara-un-concierto-en-el-tb","status":"publish","type":"post","link":"https:\/\/www.teatrodelbicentenariosanjuan.org\/en\/novedades\/el-ensamble-barroco-brindara-un-concierto-en-el-tb\/","title":{"rendered":"EL ENSAMBLE BARROCO BRINDAR\u00c1 UN CONCIERTO EN EL TB"},"content":{"rendered":"<p dir=\"ltr\"><em>El aclamado ensamble de m\u00fasicos sube a escena Imaginario Barroco el pr\u00f3ximo <strong>s\u00e1bado 9 de noviembre<\/strong>, a las <strong>21:30 hs<\/strong>, en la Sala Audit\u00f3rium del TB.<strong> Entradas a la venta.\u00a0<\/strong><\/em><\/p>\n<p dir=\"ltr\">El Ministerio de Turismo, Cultura y Deporte, a trav\u00e9s del Teatro del Bicentenario, presenta<strong> Imaginario Barroco<\/strong>, un nuevo concierto a cargo del Ensamble Barroco.\u00a0<\/p>\n<p dir=\"ltr\">A trav\u00e9s de una propuesta audiovisual y escenogr\u00e1fica, el p\u00fablico disfrutar\u00e1 de grandes obras de Locatelli, Telemann, Pergolesi y Georg F. H\u00e4ndel.\u00a0<\/p>\n<p dir=\"ltr\">Imaginario Barroco estar\u00e1 compuesto por Alex Zuzuk y Julieta Grosso en violines, Juli\u00e1n Rodrigo en flauta traversa, Laura Lanzi y Veselin Yanakiev en violoncellos, Diego Vega en contrabajo, Luz Ram\u00edrez en clave y Gabriela Guembe en viola da gamba como invitada especial desde Mendoza. La puesta escenogr\u00e1fica y visual estar\u00e1 a cargo de Ver\u00f3nica Trigo y el dise\u00f1o gr\u00e1fico de Paula Lanzi.\u00a0<\/p>\n<p dir=\"ltr\"><strong>Imaginario Barroco<\/strong> tendr\u00e1 su funci\u00f3n el pr\u00f3ximo <strong>s\u00e1bado 9 de noviembre, a las 21:30 hs, en la Sala Audit\u00f3rium<\/strong> del Teatro del Bicentenario. La entrada general de $4000 se encuentra disponible en Boleter\u00eda de lunes a viernes de 9:30 a 14:00 hs, 16:00 a 20:00 hs, y a trav\u00e9s de TuEntrada.com <a href=\"https:\/\/tbsj.tuentrada.com\/selection\/event\/date?productId=10229076349671\" target=\"_blank\" rel=\"noopener\" data-saferedirecturl=\"https:\/\/www.google.com\/url?q=https:\/\/tbsj.tuentrada.com\/selection\/event\/date?productId%3D10229076349671&amp;source=gmail&amp;ust=1729881321067000&amp;usg=AOvVaw1-p4bEA4c_t7f9-zOgYEoR\">https:\/\/tbsj.tuentrada.com\/<wbr \/>selection\/event\/date?<wbr \/>productId=10229076349671<\/a><\/p>","protected":false},"excerpt":{"rendered":"<p>El aclamado ensamble de m\u00fasicos sube a escena Imaginario Barroco el pr\u00f3ximo s\u00e1bado 9 de noviembre, a las 21:30 hs, en la Sala Audit\u00f3rium del TB. Entradas a la venta.\u00a0 El Ministerio de Turismo, Cultura y Deporte, a trav\u00e9s del Teatro del Bicentenario, presenta Imaginario&#8230;<\/p>","protected":false},"author":4,"featured_media":26091,"comment_status":"closed","ping_status":"closed","sticky":false,"template":"","format":"standard","meta":{"h5ap_radio_sources":[],"footnotes":""},"categories":[99],"tags":[],"class_list":["post-26090","post","type-post","status-publish","format-standard","has-post-thumbnail","hentry","category-novedades"],"_links":{"self":[{"href":"https:\/\/www.teatrodelbicentenariosanjuan.org\/en\/wp-json\/wp\/v2\/posts\/26090","targetHints":{"allow":["GET"]}}],"collection":[{"href":"https:\/\/www.teatrodelbicentenariosanjuan.org\/en\/wp-json\/wp\/v2\/posts"}],"about":[{"href":"https:\/\/www.teatrodelbicentenariosanjuan.org\/en\/wp-json\/wp\/v2\/types\/post"}],"author":[{"embeddable":true,"href":"https:\/\/www.teatrodelbicentenariosanjuan.org\/en\/wp-json\/wp\/v2\/users\/4"}],"replies":[{"embeddable":true,"href":"https:\/\/www.teatrodelbicentenariosanjuan.org\/en\/wp-json\/wp\/v2\/comments?post=26090"}],"version-history":[{"count":3,"href":"https:\/\/www.teatrodelbicentenariosanjuan.org\/en\/wp-json\/wp\/v2\/posts\/26090\/revisions"}],"predecessor-version":[{"id":26119,"href":"https:\/\/www.teatrodelbicentenariosanjuan.org\/en\/wp-json\/wp\/v2\/posts\/26090\/revisions\/26119"}],"wp:featuredmedia":[{"embeddable":true,"href":"https:\/\/www.teatrodelbicentenariosanjuan.org\/en\/wp-json\/wp\/v2\/media\/26091"}],"wp:attachment":[{"href":"https:\/\/www.teatrodelbicentenariosanjuan.org\/en\/wp-json\/wp\/v2\/media?parent=26090"}],"wp:term":[{"taxonomy":"category","embeddable":true,"href":"https:\/\/www.teatrodelbicentenariosanjuan.org\/en\/wp-json\/wp\/v2\/categories?post=26090"},{"taxonomy":"post_tag","embeddable":true,"href":"https:\/\/www.teatrodelbicentenariosanjuan.org\/en\/wp-json\/wp\/v2\/tags?post=26090"}],"curies":[{"name":"wp","href":"https:\/\/api.w.org\/{rel}","templated":true}]}}