{"id":26094,"date":"2024-10-28T09:45:00","date_gmt":"2024-10-28T12:45:00","guid":{"rendered":"https:\/\/www.teatrodelbicentenariosanjuan.org\/?p=26094"},"modified":"2024-10-28T09:46:02","modified_gmt":"2024-10-28T12:46:02","slug":"angeles-dominguez-llega-a-la-sala-auditorium-del-tb","status":"publish","type":"post","link":"https:\/\/www.teatrodelbicentenariosanjuan.org\/en\/novedades\/angeles-dominguez-llega-a-la-sala-auditorium-del-tb\/","title":{"rendered":"\u00c1NGELES DOM\u00cdNGUEZ LLEGA A LA SALA AUDIT\u00d3RIUM DEL TB"},"content":{"rendered":"<p dir=\"ltr\"><span style=\"font-size: 18px;\"><em>La solista presenta \u201cFolklore Argentino\u201d junto a artistas invitados el pr\u00f3ximo<strong> jueves 21 de noviembre<\/strong> a las<strong> 21:30hs, en la Sala Auditorium del Teatro del Bicentenario<\/strong>. Entradas a la venta.\u00a0<\/em><\/span><\/p>\n<p dir=\"ltr\"><span style=\"font-size: 18px;\">El Ministerio de Turismo, Cultura y Deporte, a trav\u00e9s del Teatro del Bicentenario, presenta \u201cFolklore Argentino\u201d, un concierto a cargo de la artista sanjuanina \u00c1ngeles Dom\u00ednguez. Estar\u00e1 acompa\u00f1ada por Hern\u00e1n Palacio en guitarra y direcci\u00f3n musical, Marcos Dom\u00ednguez en guitarra, Jacinto \u201cTito\u201d Castillo en bater\u00eda, Daniel Zamora en guitarra el\u00e9ctrica y Ra\u00fal Dom\u00ednguez a cargo del bajo, adem\u00e1s de artistas invitados.<\/span><\/p>\n<p dir=\"ltr\"><span style=\"font-size: 18px;\">El concierto folkl\u00f3rico de 95 minutos, contar\u00e1 con un amplio repertorio de canciones\u00a0 como \u201cPara cantar he nacido\u201d, las chacareras\u00a0 \u201cCenizas de mis a\u00f1os\u201d y \u201cSemilla de chacarera\u201d, las cuecas \u201cCoraz\u00f3n\u201d y \u201cPisando nubes\u201d, el vals \u201cA unos ojos\u201d, entre otros. Adem\u00e1s, habr\u00e1 un segmento dedicado a la m\u00fasica cuyana y la presentaci\u00f3n de una canci\u00f3n in\u00e9dita.\u00a0<\/span><\/p>\n<p dir=\"ltr\"><span style=\"font-size: 18px;\">La cita es el pr\u00f3ximo jueves 21 de noviembre, a las 21:30 hs, en la Sala Audit\u00f3rium del Teatro del Bicentenario. La entrada general de $4000 se encuentra disponible en Boleter\u00eda de lunes a viernes de 9:30 a 14:00 hs, 16:00 a 20:00 hs, y s\u00e1bados de 10:00 a 14:00 hs, o desde una hora antes de la funci\u00f3n. Tambi\u00e9n se encuentran disponibles en TuEntrada.com <a href=\"https:\/\/tbsj.tuentrada.com\/list\/events\" target=\"_blank\" rel=\"noopener\" data-saferedirecturl=\"https:\/\/www.google.com\/url?q=https:\/\/tbsj.tuentrada.com\/list\/events&amp;source=gmail&amp;ust=1730205433362000&amp;usg=AOvVaw2YD78Kd97pOHTTcQkxa7__\">https:\/\/tbsj.tuentrada.com\/<wbr \/>list\/events<\/a><\/span><\/p>\n<p>&nbsp;<\/p>\n<p dir=\"ltr\"><span style=\"font-size: 18px;\"><strong>SOBRE \u00c1NGELES DOM\u00cdNGUEZ<\/strong><\/span><\/p>\n<p dir=\"ltr\"><span style=\"font-size: 18px;\">\u00c1ngeles Dom\u00ednguez gan\u00f3 el concurso de int\u00e9rpretes \u201cLa Ventana\u201d Telesol San Juan en el a\u00f1o 2019 y fue\u00a0 revelaci\u00f3n de la Fiesta Nacional del Sol el a\u00f1o 2020.\u00a0 Represent\u00f3 a San Juan en el Pre-Cosqu\u00edn de C\u00f3rdoba en el rubro solista vocal en los a\u00f1os 2022, 2023 y 2024.\u00a0 Ha participado de diversos festivales nacionales, provinciales y locales de toda la provincia de San Juan.<\/span><\/p>","protected":false},"excerpt":{"rendered":"<p>La solista presenta \u201cFolklore Argentino\u201d junto a artistas invitados el pr\u00f3ximo jueves 21 de noviembre a las 21:30hs, en la Sala Auditorium del Teatro del Bicentenario. Entradas a la venta.\u00a0 El Ministerio de Turismo, Cultura y Deporte, a trav\u00e9s del Teatro del Bicentenario, presenta \u201cFolklore&#8230;<\/p>","protected":false},"author":4,"featured_media":26095,"comment_status":"closed","ping_status":"closed","sticky":false,"template":"","format":"standard","meta":{"h5ap_radio_sources":[],"footnotes":""},"categories":[99],"tags":[177,161,145,151,147],"class_list":["post-26094","post","type-post","status-publish","format-standard","has-post-thumbnail","hentry","category-novedades","tag-angeles-dominguez","tag-folklore","tag-musica","tag-sala-auditorium","tag-san-juan"],"_links":{"self":[{"href":"https:\/\/www.teatrodelbicentenariosanjuan.org\/en\/wp-json\/wp\/v2\/posts\/26094","targetHints":{"allow":["GET"]}}],"collection":[{"href":"https:\/\/www.teatrodelbicentenariosanjuan.org\/en\/wp-json\/wp\/v2\/posts"}],"about":[{"href":"https:\/\/www.teatrodelbicentenariosanjuan.org\/en\/wp-json\/wp\/v2\/types\/post"}],"author":[{"embeddable":true,"href":"https:\/\/www.teatrodelbicentenariosanjuan.org\/en\/wp-json\/wp\/v2\/users\/4"}],"replies":[{"embeddable":true,"href":"https:\/\/www.teatrodelbicentenariosanjuan.org\/en\/wp-json\/wp\/v2\/comments?post=26094"}],"version-history":[{"count":2,"href":"https:\/\/www.teatrodelbicentenariosanjuan.org\/en\/wp-json\/wp\/v2\/posts\/26094\/revisions"}],"predecessor-version":[{"id":26097,"href":"https:\/\/www.teatrodelbicentenariosanjuan.org\/en\/wp-json\/wp\/v2\/posts\/26094\/revisions\/26097"}],"wp:featuredmedia":[{"embeddable":true,"href":"https:\/\/www.teatrodelbicentenariosanjuan.org\/en\/wp-json\/wp\/v2\/media\/26095"}],"wp:attachment":[{"href":"https:\/\/www.teatrodelbicentenariosanjuan.org\/en\/wp-json\/wp\/v2\/media?parent=26094"}],"wp:term":[{"taxonomy":"category","embeddable":true,"href":"https:\/\/www.teatrodelbicentenariosanjuan.org\/en\/wp-json\/wp\/v2\/categories?post=26094"},{"taxonomy":"post_tag","embeddable":true,"href":"https:\/\/www.teatrodelbicentenariosanjuan.org\/en\/wp-json\/wp\/v2\/tags?post=26094"}],"curies":[{"name":"wp","href":"https:\/\/api.w.org\/{rel}","templated":true}]}}