{"id":26135,"date":"2024-11-12T12:51:06","date_gmt":"2024-11-12T15:51:06","guid":{"rendered":"https:\/\/www.teatrodelbicentenariosanjuan.org\/?p=26135"},"modified":"2024-11-14T09:50:23","modified_gmt":"2024-11-14T12:50:23","slug":"el-tb-conmemora-al-gran-compositor-giacomo-puccini-con-una-gala-lirica","status":"publish","type":"post","link":"https:\/\/www.teatrodelbicentenariosanjuan.org\/en\/novedades\/el-tb-conmemora-al-gran-compositor-giacomo-puccini-con-una-gala-lirica\/","title":{"rendered":"EL TB CONMEMORA AL GRAN COMPOSITOR GIACOMO PUCCINI CON UNA GALA L\u00cdRICA"},"content":{"rendered":"<p dir=\"ltr\"><em>El Teatro del Bicentenario rendir\u00e1 homenaje al gran compositor italiano Giacomo Puccini, en una Gala L\u00edrica que reunir\u00e1 sus ic\u00f3nicas melod\u00edas de las \u00f3peras m\u00e1s reconocidas. La cita es el s\u00e1bado 30 de noviembre a las 21:30hs. <strong>Entradas en venta.\u00a0<\/strong><\/em><\/p>\n<p dir=\"ltr\">El Ministerio de Turismo, Cultura y Deporte, a trav\u00e9s del Teatro del Bicentenario, en el marco de los homenajes realizados mundialmente por cumplirse el centenario de la muerte de Puccini, ofrecer\u00e1 una <strong>GALA L\u00cdRICA<\/strong>, bajo la direcci\u00f3n musical del maestro Ezequiel Silberstein. El espect\u00e1culo brindar\u00e1 un recorrido por los fragmentos de las grandes \u00f3peras, con t\u00edtulos ic\u00f3nicos como \u00abTosca\u00bb, \u00abMadame Butterfly\u00bb, \u00abLa Boh\u00e8me\u00bb, \u201cGianni Schicchi\u201d, entre otras.\u00a0<\/p>\n<p dir=\"ltr\">La Gala contar\u00e1 con la participaci\u00f3n de la Orquesta Sinf\u00f3nica de la UNSJ y el Coro Universitario de la FFHA de la Universidad Nacional de San Juan, la soprano M\u00f3nica Ferracani y el tenor Enrique Folger, como as\u00ed tambi\u00e9n, con participantes del Programa Opera Training del TB, bajo la direcci\u00f3n art\u00edstica de la reconocida soprano argentina de trascendencia internacional Ver\u00f3nica Cangemi, y con la preparaci\u00f3n en t\u00e9cnica vocal y repertorio de las maestras Beatriz Fornabaio y Mar\u00eda Teresa D\u2019amico.<\/p>\n<p dir=\"ltr\">La audiencia disfrutar\u00e1 de un recorrido musical por las emblem\u00e1ticas composiciones oper\u00edsticas, que enaltecieron al gran Giacomo Puccini tales como Madama Butterfly, Tosca, La Boh\u00e8me, entre otras, en conmemoraci\u00f3n de los 100 a\u00f1os de su fallecimiento.<\/p>\n<p dir=\"ltr\">La <strong>Gala L\u00edrica Puccini<\/strong> <strong>se llevar\u00e1 a cabo el d\u00eda s\u00e1bado 30 a las 21:30hs en la Sala Principal del Teatro del Bicentenario. Las entradas generales tienen un valor de $7000<\/strong> y est\u00e1n disponibles en Boleter\u00eda del TB con <strong>DESCUENTOS EXCLUSIVOS<\/strong> de lunes a viernes de 9:30 a 14:00hs, 16:00 a 20:00hs, y s\u00e1bados de 10:00 a 14:00hs, o desde una hora antes de la funci\u00f3n. Tambi\u00e9n pueden adquirirse a trav\u00e9s de TuEntrada.com <a href=\"https:\/\/www.tuentrada.com\/eventos\/detalle\/tbsj\/442302827469\" target=\"_blank\" rel=\"noopener\" data-saferedirecturl=\"https:\/\/www.google.com\/url?q=https:\/\/www.tuentrada.com\/eventos\/detalle\/tbsj\/442302827469&amp;source=gmail&amp;ust=1731512678949000&amp;usg=AOvVaw3Bq1sv4QoDw_Kn27pQSd55\">https:\/\/www.tuentrada.com\/<wbr \/>eventos\/detalle\/tbsj\/<wbr \/>442302827469<\/a><\/p>\n<p dir=\"ltr\"><strong>FUNCI\u00d3N CON BENEFICIOS (Exclusivos en Boleter\u00eda del TB)<\/strong><\/p>\n<p dir=\"ltr\">\u00a0\u2013\u00a0 \u00a0 \u00a0 \u00a0 \u00a0 <strong>TICKET YA:<\/strong> 20% de descuento en todas las funciones y ubicaci\u00f3n a elecci\u00f3n hasta 72hs ANTES del evento (hasta 2 tickets por persona).<\/p>\n<p dir=\"ltr\">\u2013 \u00a0 \u00a0 \u00a0 \u00a0 \u00a0<strong>TICKET JOVEN:<\/strong> 50% de descuento para j\u00f3venes de 13 hasta 24 a\u00f1os, inclusive, presentando DNI; en todas las funciones, ubicaci\u00f3n a elecci\u00f3n.<\/p>\n<p dir=\"ltr\">\u2013\u00a0 \u00a0 \u00a0 \u00a0 \u00a0<strong>Ticket JUBILADOS<\/strong>: 20% de descuento a jubilados presentando DNI \u2013 recibo de haberes y\/o carnet PAMI (hasta 2 tickets por persona).\u00a0<\/p>\n<p dir=\"ltr\">\u2013\u00a0 \u00a0 \u00a0 \u00a0 <strong>\u00a0Tarjeta de cr\u00e9dito del Banco San Juan:<\/strong> hasta 6 cuotas sin inter\u00e9s.<\/p>\n<p dir=\"ltr\"><strong>Descuentos v\u00e1lidos solo en Boleter\u00eda del TB, de lunes a viernes de 9:30 a 14:00 hs, de 16:00 a 20:00 hs y s\u00e1bados de 10:00 a 14:00 hs, o el d\u00eda de la funci\u00f3n desde 1 hora antes de la misma.<\/strong><\/p>\n<p dir=\"ltr\"><strong>GIACOMO PUCCINI Y SU V\u00cdNCULO CON ARGENTINA<\/strong><\/p>\n<p dir=\"ltr\">Fue uno de los m\u00e1s c\u00e9lebres compositores de \u00f3pera de la historia, que tuvo una temprana y extraordinaria popularidad en Buenos Aires luego de su visita a la ciudad en 1905. Su v\u00ednculo con Argentina, tanto personal como profesional, comenz\u00f3 cuando todav\u00eda era un compositor casi desconocido en Italia, sufr\u00eda un fracaso inicial y su hermano menor, Michele, emigraba a Buenos Aires a fines de 1889.<\/p>\n<p dir=\"ltr\">En su visita se realiz\u00f3 el primer \u201cFestival Puccini\u201d del mundo, que cont\u00f3 con una legi\u00f3n de fan\u00e1ticos, entre inmigrantes reci\u00e9n llegados y criollos de diferentes clases y condiciones.<\/p>\n<p dir=\"ltr\">Durante su estad\u00eda compuso un himno escolar: Dios y patria, su \u00fanica obra con letra en espa\u00f1ol que fue redescubierta en el a\u00f1o 2006 por Gustavo Otero y Daniel Varacalli en una investigaci\u00f3n bajo el auspicio del Instituto Italiano de Cultura.<\/p>\n<p dir=\"ltr\">Si bien nunca m\u00e1s volvi\u00f3 a Buenos Aires, fue \u00e9sta la primera ciudad del mundo en la que sus \u00f3peras se estrenar\u00edan luego de su prima italiana con apenas meses de diferencia.<\/p>\n<p dir=\"ltr\">Tras la muerte del m\u00fasico, la relaci\u00f3n se volvi\u00f3 a\u00fan m\u00e1s estrecha. El Teatro Col\u00f3n fue el escenario donde Turandot, su t\u00edtulo p\u00f3stumo e inconcluso, vio la luz tras su estreno en Italia en 1926. Adem\u00e1s, Mar\u00eda Callas la interpret\u00f3 en 1949 y Luciano Pavarotti eligi\u00f3 La Boh\u00e9me para su presentaci\u00f3n en 1987. Cuando el Teatro reabri\u00f3 en 2010, tras una larga y compleja restauraci\u00f3n, fue otra vez La Boh\u00e8me la \u00f3pera elegida para su reapertura.<\/p>","protected":false},"excerpt":{"rendered":"<p>El Teatro del Bicentenario rendir\u00e1 homenaje al gran compositor italiano Giacomo Puccini, en una Gala L\u00edrica que reunir\u00e1 sus ic\u00f3nicas melod\u00edas de las \u00f3peras m\u00e1s reconocidas. La cita es el s\u00e1bado 30 de noviembre a las 21:30hs. Entradas en venta.\u00a0 El Ministerio de Turismo, Cultura&#8230;<\/p>","protected":false},"author":4,"featured_media":26136,"comment_status":"closed","ping_status":"closed","sticky":false,"template":"","format":"standard","meta":{"h5ap_radio_sources":[],"footnotes":""},"categories":[99],"tags":[],"class_list":["post-26135","post","type-post","status-publish","format-standard","has-post-thumbnail","hentry","category-novedades"],"_links":{"self":[{"href":"https:\/\/www.teatrodelbicentenariosanjuan.org\/en\/wp-json\/wp\/v2\/posts\/26135","targetHints":{"allow":["GET"]}}],"collection":[{"href":"https:\/\/www.teatrodelbicentenariosanjuan.org\/en\/wp-json\/wp\/v2\/posts"}],"about":[{"href":"https:\/\/www.teatrodelbicentenariosanjuan.org\/en\/wp-json\/wp\/v2\/types\/post"}],"author":[{"embeddable":true,"href":"https:\/\/www.teatrodelbicentenariosanjuan.org\/en\/wp-json\/wp\/v2\/users\/4"}],"replies":[{"embeddable":true,"href":"https:\/\/www.teatrodelbicentenariosanjuan.org\/en\/wp-json\/wp\/v2\/comments?post=26135"}],"version-history":[{"count":2,"href":"https:\/\/www.teatrodelbicentenariosanjuan.org\/en\/wp-json\/wp\/v2\/posts\/26135\/revisions"}],"predecessor-version":[{"id":26143,"href":"https:\/\/www.teatrodelbicentenariosanjuan.org\/en\/wp-json\/wp\/v2\/posts\/26135\/revisions\/26143"}],"wp:featuredmedia":[{"embeddable":true,"href":"https:\/\/www.teatrodelbicentenariosanjuan.org\/en\/wp-json\/wp\/v2\/media\/26136"}],"wp:attachment":[{"href":"https:\/\/www.teatrodelbicentenariosanjuan.org\/en\/wp-json\/wp\/v2\/media?parent=26135"}],"wp:term":[{"taxonomy":"category","embeddable":true,"href":"https:\/\/www.teatrodelbicentenariosanjuan.org\/en\/wp-json\/wp\/v2\/categories?post=26135"},{"taxonomy":"post_tag","embeddable":true,"href":"https:\/\/www.teatrodelbicentenariosanjuan.org\/en\/wp-json\/wp\/v2\/tags?post=26135"}],"curies":[{"name":"wp","href":"https:\/\/api.w.org\/{rel}","templated":true}]}}