{"id":26271,"date":"2025-02-05T12:38:52","date_gmt":"2025-02-05T15:38:52","guid":{"rendered":"https:\/\/www.teatrodelbicentenariosanjuan.org\/?p=26271"},"modified":"2025-02-05T12:38:52","modified_gmt":"2025-02-05T15:38:52","slug":"la-danza-espanola-sera-protagonista-en-una-imperdible-gala","status":"publish","type":"post","link":"https:\/\/www.teatrodelbicentenariosanjuan.org\/en\/novedades\/la-danza-espanola-sera-protagonista-en-una-imperdible-gala\/","title":{"rendered":"LA DANZA ESPA\u00d1OLA SER\u00c1 PROTAGONISTA EN UNA IMPERDIBLE GALA"},"content":{"rendered":"<p dir=\"ltr\"><em><strong>Con artistas internacionales y locales, ser\u00e1 el pr\u00f3ximo jueves 13 de febrero, a las 21:30 hs, en la Sala Audit\u00f3rium del Teatro del Bicentenario. Entradas a la venta.\u00a0<\/strong><\/em><\/p>\n<p dir=\"ltr\">El Teatro del Bicentenario, dependiente del Ministerio de Turismo, Cultura y Deporte, abre las puertas de su Sala Audit\u00f3rium con una velada aut\u00e9nticamente flamenca. La Gala espa\u00f1ola promete transportar al p\u00fablico a la cuna del flamenco con su impactante puesta en escena.<\/p>\n<p dir=\"ltr\">En un espect\u00e1culo que muestra los contrastes entre la fuerza y el temperamento del flamenco puro y la impronta elegante con una t\u00e9cnica depurada como la danza espa\u00f1ola, artistas nacionales e internacionales de un nivel art\u00edstico de excelencia, dar\u00e1n vida a las diferentes piezas que transportar\u00e1n a sus espectadores a Espa\u00f1a durante una hora.<\/p>\n<p dir=\"ltr\">En el marco de un seminario intensivo de verano de danza espa\u00f1ola y flamenco en el Instituto Ballerinas, son Natalia Garc\u00eda-Huidobro (Madrid), Florencia Retamosa (Chubut) y Maximiliano Vergara (Sevilla) los encargados de bailar en esta gala a modo de cierre. El espect\u00e1culo contar\u00e1 tambi\u00e9n con la participaci\u00f3n especial de un cuerpo de baile conformado \u00fanicamente por j\u00f3venes bailaoras sanjuaninas.\u00a0<\/p>\n<p dir=\"ltr\">Los m\u00fasicos en escena ser\u00e1n Diego Lorenzo (Mendoza) y Manolo Gil en guitarra, en la percusi\u00f3n y el cante de Tom\u00e1s Aguilera (Stgo de Chile) y Lydia Mart\u00edn (Sevilla).<\/p>\n<p dir=\"ltr\">\u00a0<\/p>\n<p dir=\"ltr\"><strong>La <em>Gala espa\u00f1ola<\/em> sube a escena el pr\u00f3ximo jueves 13 de febrero, a las 21:30 hs, en la Sala Audit\u00f3rium del Teatro del Bicentenario. La entrada general de $12.000 se encuentra disponible en Boleter\u00eda, con descuentos exclusivos, y a trav\u00e9s de TuEntrada.com <\/strong><a href=\"https:\/\/tbsj.tuentrada.com\/selection\/event\/date?productId=10229109539876\" target=\"_blank\" rel=\"noopener\" data-saferedirecturl=\"https:\/\/www.google.com\/url?q=https:\/\/tbsj.tuentrada.com\/selection\/event\/date?productId%3D10229109539876&amp;source=gmail&amp;ust=1738856201612000&amp;usg=AOvVaw3bSrGPcdxKirMcvX7mks80\"><strong>https:\/\/tbsj.tuentrada.com\/<wbr \/>selection\/event\/date?<wbr \/>productId=10229109539876<\/strong><\/a><\/p>\n<p dir=\"ltr\">\u00a0<\/p>\n<p dir=\"ltr\"><strong>FUNCI\u00d3N CON BENEFICIOS (Exclusivos en Boleter\u00eda del TB)<\/strong><\/p>\n<p dir=\"ltr\">\u00a0\u2013\u00a0 \u00a0 \u00a0 \u00a0 \u00a0 TICKET YA: 20% de descuento en todas las funciones y ubicaci\u00f3n a elecci\u00f3n hasta 72hs ANTES del evento (hasta 2 tickets por persona).<\/p>\n<p dir=\"ltr\">\u2013 \u00a0 \u00a0 \u00a0 \u00a0 \u00a0Ticket Joven: 50% de descuento para j\u00f3venes de 13 hasta 24 a\u00f1os, inclusive, presentando DNI; en todas las funciones, ubicaci\u00f3n a elecci\u00f3n.<\/p>\n<p dir=\"ltr\">\u2013\u00a0 \u00a0 \u00a0 \u00a0 \u00a0Ticket JUBILADOS: 20% de descuento a jubilados presentando DNI \u2013 recibo de haberes y\/o carnet PAMI (hasta 2 tickets por persona).\u00a0<\/p>\n<p>&nbsp;<\/p>\n<p dir=\"ltr\">Descuentos v\u00e1lidos solo en Boleter\u00eda del TB.<\/p>","protected":false},"excerpt":{"rendered":"<p>Con artistas internacionales y locales, ser\u00e1 el pr\u00f3ximo jueves 13 de febrero, a las 21:30 hs, en la Sala Audit\u00f3rium del Teatro del Bicentenario. Entradas a la venta.\u00a0 El Teatro del Bicentenario, dependiente del Ministerio de Turismo, Cultura y Deporte, abre las puertas de su&#8230;<\/p>","protected":false},"author":4,"featured_media":26272,"comment_status":"closed","ping_status":"closed","sticky":false,"template":"","format":"standard","meta":{"h5ap_radio_sources":[],"footnotes":""},"categories":[99],"tags":[178,165,147,179],"class_list":["post-26271","post","type-post","status-publish","format-standard","has-post-thumbnail","hentry","category-novedades","tag-danza","tag-flamenco","tag-san-juan","tag-sevilla"],"_links":{"self":[{"href":"https:\/\/www.teatrodelbicentenariosanjuan.org\/en\/wp-json\/wp\/v2\/posts\/26271","targetHints":{"allow":["GET"]}}],"collection":[{"href":"https:\/\/www.teatrodelbicentenariosanjuan.org\/en\/wp-json\/wp\/v2\/posts"}],"about":[{"href":"https:\/\/www.teatrodelbicentenariosanjuan.org\/en\/wp-json\/wp\/v2\/types\/post"}],"author":[{"embeddable":true,"href":"https:\/\/www.teatrodelbicentenariosanjuan.org\/en\/wp-json\/wp\/v2\/users\/4"}],"replies":[{"embeddable":true,"href":"https:\/\/www.teatrodelbicentenariosanjuan.org\/en\/wp-json\/wp\/v2\/comments?post=26271"}],"version-history":[{"count":1,"href":"https:\/\/www.teatrodelbicentenariosanjuan.org\/en\/wp-json\/wp\/v2\/posts\/26271\/revisions"}],"predecessor-version":[{"id":26273,"href":"https:\/\/www.teatrodelbicentenariosanjuan.org\/en\/wp-json\/wp\/v2\/posts\/26271\/revisions\/26273"}],"wp:featuredmedia":[{"embeddable":true,"href":"https:\/\/www.teatrodelbicentenariosanjuan.org\/en\/wp-json\/wp\/v2\/media\/26272"}],"wp:attachment":[{"href":"https:\/\/www.teatrodelbicentenariosanjuan.org\/en\/wp-json\/wp\/v2\/media?parent=26271"}],"wp:term":[{"taxonomy":"category","embeddable":true,"href":"https:\/\/www.teatrodelbicentenariosanjuan.org\/en\/wp-json\/wp\/v2\/categories?post=26271"},{"taxonomy":"post_tag","embeddable":true,"href":"https:\/\/www.teatrodelbicentenariosanjuan.org\/en\/wp-json\/wp\/v2\/tags?post=26271"}],"curies":[{"name":"wp","href":"https:\/\/api.w.org\/{rel}","templated":true}]}}