{"id":26298,"date":"2025-02-14T13:09:45","date_gmt":"2025-02-14T16:09:45","guid":{"rendered":"https:\/\/www.teatrodelbicentenariosanjuan.org\/?p=26298"},"modified":"2025-03-10T11:33:56","modified_gmt":"2025-03-10T14:33:56","slug":"el-programa-canto-popular-abre-convocatoria-para-su-edicion-2025","status":"publish","type":"post","link":"https:\/\/www.teatrodelbicentenariosanjuan.org\/en\/novedades\/el-programa-canto-popular-abre-convocatoria-para-su-edicion-2025\/","title":{"rendered":"EL PROGRAMA CANTO POPULAR ABRE CONVOCATORIA PARA SU EDICI\u00d3N 2025"},"content":{"rendered":"<p><em>En el marco de su 9na Temporada, el Teatro del Bicentenario abre convocatoria para su Programa de Canto Popular. <strong>Inscripciones abiertas, cupos limitados<\/strong>.<\/em><\/p>\n<p>El Teatro del Bicentenario, dependiente del Ministerio de Turismo, Cultura y Deporte, invita a cantantes mayores de 18 a\u00f1os con conocimientos previos en t\u00e9cnica vocal a formar parte del Programa de Canto Popular que estar\u00e1 bajo la direcci\u00f3n de los maestros Patricia Cangemi y Sebasti\u00e1n Narv\u00e1ez. <strong>Las inscripciones finalizan el viernes 7 de marzo a las 12:00 hs<\/strong>.<\/p>\n<p>El Programa tiene como objetivo, brindar herramientas de perfeccionamiento en aspectos t\u00e9cnicos, art\u00edsticos y profesionales. A su vez, busca profundizar las cualidades interpretativas y esc\u00e9nicas mediante el estudio del repertorio del cancionero popular.<\/p>\n<p>Las clases del Programa Canto Popular estar\u00e1n a cargo de los reconocidos artistas mendocinos Patricia Cangemi y Sebasti\u00e1n Narv\u00e1ez, trabajando semanalmente con los artistas en la interpretaci\u00f3n y el repertorio de los autores y compositores m\u00e1s representativos de la regi\u00f3n cuyana, como as\u00ed tambi\u00e9n de otras regiones de la Argentina y Latinoamericanas. <\/p>\n<p><strong>\u00a0Las clases, de modalidad gratuita y presencial, desde el jueves 20 de marzo hasta el mes de diciembre con una muestra anual del proceso.<\/strong><\/p>\n<p><strong>REQUISITOS:<\/strong><\/p>\n<p>&#8211; Ser mayor de 18 a\u00f1os;<br \/>\n&#8211; Experiencia y\/o estudios musicales previos;<br \/>\n&#8211; Conocimientos previos en t\u00e9cnica vocal;<br \/>\n&#8211; Pertenecer a un proyecto art\u00edstico (coro, solista o grupo)<br \/>\n&#8211; Enviar un video, de no m\u00e1s de 2 minutos de duraci\u00f3n, interpretando un repertorio solista vocal de m\u00fasica popular (folklore, tango o mel\u00f3dico) con una referencia arm\u00f3nica o musical acompa\u00f1ante. Por ejemplo: una pista grabada, un m\u00fasico guitarrista o pianista acompa\u00f1ante.<\/p>\n<p><strong>Los interesados podr\u00e1n inscribirse hasta el 7 de marzo, a trav\u00e9s de un formulario Google<\/strong> (<a href=\"https:\/\/forms.gle\/13ATmHtpfwcXo8EB8\" target=\"_blank\" rel=\"noopener\" data-saferedirecturl=\"https:\/\/www.google.com\/url?q=https:\/\/forms.gle\/13ATmHtpfwcXo8EB8&amp;source=gmail&amp;ust=1739635354286000&amp;usg=AOvVaw1tWeoZL3RcJGxpB3yRwgiB\">https:\/\/forms.gle\/<wbr \/>13ATmHtpfwcXo8EB8<\/a>) disponible en la p\u00e1gina web del teatro (secci\u00f3n <a href=\"https:\/\/www.teatrodelbicentenariosanjuan.org\/cantopopular2025\/\">FORMACI\u00d3N),<\/a> donde podr\u00e1n consultar bases y condiciones.<strong> Los cupos son limitados.<\/strong> <\/p>\n<p><strong>El informe a los preseleccionados ser\u00e1 el lunes 10 de marzo, v\u00eda mail, y las audiciones se realizar\u00e1n de manera presencial el jueves 13 de marzo en horario a confirmar. Los seleccionados ser\u00e1n notificados el martes 18 de marzo. Para m\u00e1s informaci\u00f3n<\/strong>: <a href=\"mailto:audiciones.teatrobicentenario@gmail.com\" target=\"_blank\" rel=\"noopener\"><strong>audiciones.teatrobicentenario@<wbr \/>gmail.com<\/strong><\/a><\/p>","protected":false},"excerpt":{"rendered":"<p>En el marco de su 9na Temporada, el Teatro del Bicentenario abre convocatoria para su Programa de Canto Popular. Inscripciones abiertas, cupos limitados. El Teatro del Bicentenario, dependiente del Ministerio de Turismo, Cultura y Deporte, invita a cantantes mayores de 18 a\u00f1os con conocimientos previos&#8230;<\/p>","protected":false},"author":4,"featured_media":26299,"comment_status":"closed","ping_status":"closed","sticky":false,"template":"","format":"standard","meta":{"h5ap_radio_sources":[],"footnotes":""},"categories":[99],"tags":[],"class_list":["post-26298","post","type-post","status-publish","format-standard","has-post-thumbnail","hentry","category-novedades"],"_links":{"self":[{"href":"https:\/\/www.teatrodelbicentenariosanjuan.org\/en\/wp-json\/wp\/v2\/posts\/26298","targetHints":{"allow":["GET"]}}],"collection":[{"href":"https:\/\/www.teatrodelbicentenariosanjuan.org\/en\/wp-json\/wp\/v2\/posts"}],"about":[{"href":"https:\/\/www.teatrodelbicentenariosanjuan.org\/en\/wp-json\/wp\/v2\/types\/post"}],"author":[{"embeddable":true,"href":"https:\/\/www.teatrodelbicentenariosanjuan.org\/en\/wp-json\/wp\/v2\/users\/4"}],"replies":[{"embeddable":true,"href":"https:\/\/www.teatrodelbicentenariosanjuan.org\/en\/wp-json\/wp\/v2\/comments?post=26298"}],"version-history":[{"count":3,"href":"https:\/\/www.teatrodelbicentenariosanjuan.org\/en\/wp-json\/wp\/v2\/posts\/26298\/revisions"}],"predecessor-version":[{"id":26383,"href":"https:\/\/www.teatrodelbicentenariosanjuan.org\/en\/wp-json\/wp\/v2\/posts\/26298\/revisions\/26383"}],"wp:featuredmedia":[{"embeddable":true,"href":"https:\/\/www.teatrodelbicentenariosanjuan.org\/en\/wp-json\/wp\/v2\/media\/26299"}],"wp:attachment":[{"href":"https:\/\/www.teatrodelbicentenariosanjuan.org\/en\/wp-json\/wp\/v2\/media?parent=26298"}],"wp:term":[{"taxonomy":"category","embeddable":true,"href":"https:\/\/www.teatrodelbicentenariosanjuan.org\/en\/wp-json\/wp\/v2\/categories?post=26298"},{"taxonomy":"post_tag","embeddable":true,"href":"https:\/\/www.teatrodelbicentenariosanjuan.org\/en\/wp-json\/wp\/v2\/tags?post=26298"}],"curies":[{"name":"wp","href":"https:\/\/api.w.org\/{rel}","templated":true}]}}