{"id":26641,"date":"2025-05-09T11:09:35","date_gmt":"2025-05-09T14:09:35","guid":{"rendered":"https:\/\/www.teatrodelbicentenariosanjuan.org\/?p=26641"},"modified":"2025-05-09T11:09:36","modified_gmt":"2025-05-09T14:09:36","slug":"san-juan-recibe-a-jose-carreras-junto-a-veronica-cangemi-en-su-gira-despedida-mundial","status":"publish","type":"post","link":"https:\/\/www.teatrodelbicentenariosanjuan.org\/en\/novedades\/san-juan-recibe-a-jose-carreras-junto-a-veronica-cangemi-en-su-gira-despedida-mundial\/","title":{"rendered":"SAN JUAN RECIBE A JOS\u00c9 CARRERAS, junto a VER\u00d3NICA CANGEMI, EN SU GIRA DESPEDIDA MUNDIAL"},"content":{"rendered":"<p><strong><em>El legendario tenor Jos\u00e9 Carreras se presentar\u00e1 en la majestuosa Sala Principal del Teatro del Bicentenario de San Juan, junto a la soprano Ver\u00f3nica Cangemi en el marco de la Gira Despedida Mundial 2025<\/em><\/strong><\/p>\n\n\n\n<p>El legendario tenor espa\u00f1ol<strong> Jos\u00e9 Carreras<\/strong>, una de las voces m\u00e1s emblem\u00e1ticas de la l\u00edrica mundial, regresa a Argentina, y <strong>por primera vez visitar\u00e1 San Juan<\/strong>, para ofrecer un concierto \u00fanico y emocionante, acompa\u00f1ado por la internacionalmente reconocida soprano argentina <strong>Ver\u00f3nica Cangemi.<\/strong><\/p>\n\n\n\n<p>El concierto se llevar\u00e1 a cabo en la <strong>Main Concert Hall <\/strong>del <strong>Teatro del Bicentenario<\/strong>, el<strong> martes 3 de junio a las 21hs como parte de su \u201cGira Despedida Mundial\u201d.<\/strong><\/p>\n\n\n\n<p>El legendario maestro Carreras, junto a Cangemi, deleitar\u00e1n al p\u00fablico con un repertorio que recorrer\u00e1 los hitos musicales mas destacados. Interpretar\u00e1n famosas arias de \u00f3pera, cl\u00e1sicos de la m\u00fasica popular y las canciones y boleros m\u00e1s reconocidas.<\/p>\n\n\n\n<p>El concierto ser\u00e1 dirigido por el maestro David Gim\u00e9nez y contar\u00e1 con la participaci\u00f3n especial del artista pl\u00e1stico Eduardo Hoffman y la Orquesta Sinf\u00f3nica de la UNSJ.<\/p>\n\n\n\n<p>Con una trayectoria que abarca m\u00e1s de cinco d\u00e9cadas, Carreras ha cautivado audiencias en los teatros m\u00e1s prestigiosos del mundo y es ampliamente reconocido por su papel en Los Tres Tenores, junto a Pl\u00e1cido Domingo y Luciano Pavarotti.<\/p>\n\n\n\n<p>Este concierto ser\u00e1 una oportunidad imperdible para disfrutar en vivo de una de las voces m\u00e1s conmovedoras de todos los tiempos, y quedar\u00e1 plasmado en la historia de San Juan y del Teatro del Bicentenario como un hito art\u00edstico y cultural de la provincia.<\/p>\n\n\n\n<p>Las entradas se encontrar\u00e1n disponibles en Boleter\u00eda del teatro y a trav\u00e9s de TuEntrada.com a partir del d\u00eda <strong>viernes 9 de mayo de 2025, a las 12hs<\/strong>, con valores a partir de los $ 20.000.<\/p>\n\n\n\n<p><strong>Horario de Boleter\u00eda:<\/strong><br>Ma\u00f1ana: lunes a s\u00e1bado de 9:30 a 14:00 hs<br>Tarde: lunes a viernes de 16:00 a 20:00 hs<br>Las Heras 430 sur, San Juan<br>Teatro del Bicentenario<\/p>\n\n\n\n\n\n\n\n<p><strong>JOS\u00c9 CARRERAS<br>UNA LEYENDA DE LA \u00d3PERA<\/strong><\/p>\n\n\n\n<p>Jos\u00e9 Carreras, tenor nacido en Barcelona, debut\u00f3 en 1970 en el Gran Teatre del Liceu y r\u00e1pidamente alcanz\u00f3 fama internacional. Ha actuado en los teatros de \u00f3pera m\u00e1s prestigiosos del mundo, como la Scala de Mil\u00e1n, el Metropolitan Opera House de Nueva York, la Royal Opera House de Londres y la Staatsoper de Viena, adem\u00e1s de participar en importantes festivales como Salzburgo, Aix-en-Provence, Edimburgo y Verona.<\/p>\n\n\n\n<p>A lo largo de su carrera, ha trabajado con renombrados directores de orquesta como Herbert von Karajan, Riccardo Muti, Leonard Bernstein y Zubin Mehta, as\u00ed como con destacados directores esc\u00e9nicos como Franco Zeffirelli y Harold Prince. Su repertorio abarca m\u00e1s de 60 \u00f3peras, entre ellas La Boh\u00e8me, Tosca, Don Carlo, Carmen y La Forza del Destino. Adem\u00e1s, ha ofrecido recitales en las salas de conciertos m\u00e1s prestigiosas del mundo, incluyendo Carnegie Hall, el Royal Albert Hall, la Salle Pleyel de Par\u00eds y el Musikverein de Viena.<\/p>\n\n\n\n<p>Su discograf\u00eda incluye m\u00e1s de 150 grabaciones, entre ellas 50 \u00f3peras completas, y ha recibido m\u00faltiples discos de Oro y Platino. Tambi\u00e9n ha protagonizado producciones cinematogr\u00e1ficas y televisivas, destacando el documental A Life Story, galardonado con un Emmy Internacional en 1993.<\/p>\n\n\n\n<p>Carreras ha recibido numerosos premios y distinciones, incluyendo un Grammy Award, el Premio Pr\u00edncipe de Asturias, el Sir Lawrence Olivier Award y condecoraciones de Francia, Italia, Alemania y Espa\u00f1a. En 1992, fue designado Director Musical de los Juegos Ol\u00edmpicos de Barcelona.<\/p>\n\n\n\n<p>A nivel mundial, es conocido por su participaci\u00f3n en Los Tres Tenores junto a Pl\u00e1cido Domingo y Luciano Pavarotti, con conciertos vistos por m\u00e1s de dos mil millones de personas, marcando un hito en la historia de la \u00f3pera.<\/p>\n\n\n\n<p>Desde 1988, adem\u00e1s de su carrera musical, preside la Fundaci\u00f3n Internacional Jos\u00e9 Carreras para la Lucha contra la Leucemia, con sedes en Espa\u00f1a, Estados Unidos, Suiza y Alemania, convirti\u00e9ndola en una de sus principales prioridades.<\/p>\n\n\n\n\n\n<p><strong>VERONICA CANGEMI<\/strong><\/p>\n\n\n\n<p>Nacida en Mendoza, inici\u00f3 sus estudios en violonchelo y canto en la Universidad Nacional de Cuyo y se perfeccion\u00f3 en Londres bajo la tutela de Heather Harper y en la Universidad de Karlsruhe de Alemania.<\/p>\n\n\n\n<p>Comenz\u00f3 su carrera en Europa, protagonizando Armida de Gluck, con Marc Minkowsky y Les Musiciens du Louvre en Versalles; H\u00e4nsel y Gretel con Radio France y despu\u00e9s encarn\u00f3 a Zerlina (Don Giovanni), Pamina (La flauta m\u00e1gica), Ilia (Idomeneo), Melisande (Pelleas et Melisande) y Li\u00fa (Turandot) en el Teatro Col\u00f3n.<\/p>\n\n\n\n<p>Ha cantado bajo las batutas de Zubin Mehta, Gustavo Dudamel, Claudio Abbado y Jean-Christophe Spinosi.<\/p>\n\n\n\n<p>Se presenta en los grandes teatros del mundo como Wiener Staatsoper, \u00d3pera de M\u00fanich, Teatro Comunale de Florencia, Teatro La Fenice de Venecia, Teatro alla Scala de Mil\u00e1n, \u00d3pera de Z\u00farich, Teatro Nacional de Tokyo, Carnegie Hall y Covent Garden de Londres, entre muchos otros.<\/p>\n\n\n\n<p>Cuenta con una amplia discograf\u00eda y da clases magistrales en el pa\u00eds y en el exterior, adem\u00e1s de dirigir el Programa de Canto de la Universidad de Congreso (Mendoza) y crear el Opera Training organismo dependiente del Teatro del Bicentenario (San Juan).<\/p>","protected":false},"excerpt":{"rendered":"<p>El legendario tenor Jos\u00e9 Carreras se presentar\u00e1 en la majestuosa Sala Principal del Teatro del Bicentenario de San Juan, junto a la soprano Ver\u00f3nica Cangemi en el marco de la Gira Despedida Mundial 2025 El legendario tenor espa\u00f1ol Jos\u00e9 Carreras, una de las voces m\u00e1s&#8230;<\/p>","protected":false},"author":4,"featured_media":26642,"comment_status":"closed","ping_status":"closed","sticky":false,"template":"","format":"standard","meta":{"h5ap_radio_sources":[],"footnotes":""},"categories":[99,105],"tags":[],"class_list":["post-26641","post","type-post","status-publish","format-standard","has-post-thumbnail","hentry","category-novedades","category-sin-categoria-es"],"_links":{"self":[{"href":"https:\/\/www.teatrodelbicentenariosanjuan.org\/en\/wp-json\/wp\/v2\/posts\/26641","targetHints":{"allow":["GET"]}}],"collection":[{"href":"https:\/\/www.teatrodelbicentenariosanjuan.org\/en\/wp-json\/wp\/v2\/posts"}],"about":[{"href":"https:\/\/www.teatrodelbicentenariosanjuan.org\/en\/wp-json\/wp\/v2\/types\/post"}],"author":[{"embeddable":true,"href":"https:\/\/www.teatrodelbicentenariosanjuan.org\/en\/wp-json\/wp\/v2\/users\/4"}],"replies":[{"embeddable":true,"href":"https:\/\/www.teatrodelbicentenariosanjuan.org\/en\/wp-json\/wp\/v2\/comments?post=26641"}],"version-history":[{"count":1,"href":"https:\/\/www.teatrodelbicentenariosanjuan.org\/en\/wp-json\/wp\/v2\/posts\/26641\/revisions"}],"predecessor-version":[{"id":26643,"href":"https:\/\/www.teatrodelbicentenariosanjuan.org\/en\/wp-json\/wp\/v2\/posts\/26641\/revisions\/26643"}],"wp:featuredmedia":[{"embeddable":true,"href":"https:\/\/www.teatrodelbicentenariosanjuan.org\/en\/wp-json\/wp\/v2\/media\/26642"}],"wp:attachment":[{"href":"https:\/\/www.teatrodelbicentenariosanjuan.org\/en\/wp-json\/wp\/v2\/media?parent=26641"}],"wp:term":[{"taxonomy":"category","embeddable":true,"href":"https:\/\/www.teatrodelbicentenariosanjuan.org\/en\/wp-json\/wp\/v2\/categories?post=26641"},{"taxonomy":"post_tag","embeddable":true,"href":"https:\/\/www.teatrodelbicentenariosanjuan.org\/en\/wp-json\/wp\/v2\/tags?post=26641"}],"curies":[{"name":"wp","href":"https:\/\/api.w.org\/{rel}","templated":true}]}}