{"id":26674,"date":"2025-05-20T10:59:36","date_gmt":"2025-05-20T13:59:36","guid":{"rendered":"https:\/\/www.teatrodelbicentenariosanjuan.org\/?p=26674"},"modified":"2025-05-20T10:59:39","modified_gmt":"2025-05-20T13:59:39","slug":"latidos-de-mayo-homenaje-al-pulso-profundo-del-nacimiento-de-nuestra-nacion","status":"publish","type":"post","link":"https:\/\/www.teatrodelbicentenariosanjuan.org\/en\/novedades\/latidos-de-mayo-homenaje-al-pulso-profundo-del-nacimiento-de-nuestra-nacion\/","title":{"rendered":"Latidos de Mayo: Homenaje al pulso profundo del nacimiento de nuestra naci\u00f3n"},"content":{"rendered":"<p>La <strong>Gala Patria<\/strong> se realizar\u00e1 el 24 y 25 de mayo en el <strong>Teatro del Bicentenario<\/strong>. Las entradas pueden retirarse por boleter\u00eda del Teatro a partir del mi\u00e9rcoles 21 de mayo a las 10 de la ma\u00f1ana.<\/p>\n<p>El Ministerio de Turismo, Cultura y Deporte, a trav\u00e9s de la Secretaria de Cultura invita a los sanjuaninos a disfrutar del espect\u00e1culo Latidos de Mayo. Un homenaje al pulso profundo del nacimiento de nuestra naci\u00f3n, desde los ecos que anteceden al 1800, se enciende la llama de la revoluci\u00f3n que a\u00fan arde en cada rinc\u00f3n del suelo argentino. <br \/>La puesta, es un recorrido emocional por gestas colectivas, s\u00edmbolos patrios y luchas silenciadas. Cada movimiento es un retorno de resistencia, una voz que revela, una chispa que arde e inyecta el compromiso y el deseo de libertad, reviviendo el esp\u00edritu de quienes so\u00f1aron romper cadenas y sembrar esperanza.<br \/><strong>La Gala Patria se realizar\u00e1 en el Teatro del Bicentenario el 24 de mayo a las 20:00<\/strong> y la reposici\u00f3n ser\u00e1 el 25 de mayo a las 20:00. Las entradas pueden retirarse por boleter\u00eda a partir del mi\u00e9rcoles 21 de mayo a las 10 de la ma\u00f1ana, se entregar\u00e1n dos por persona hasta agotar disponibilidad.<\/p>","protected":false},"excerpt":{"rendered":"<p>La Gala Patria se realizar\u00e1 el 24 y 25 de mayo en el Teatro del Bicentenario. Las entradas pueden retirarse por boleter\u00eda del Teatro a partir del mi\u00e9rcoles 21 de mayo a las 10 de la ma\u00f1ana. El Ministerio de Turismo, Cultura y Deporte, a&#8230;<\/p>","protected":false},"author":4,"featured_media":26675,"comment_status":"closed","ping_status":"closed","sticky":false,"template":"","format":"standard","meta":{"h5ap_radio_sources":[],"footnotes":""},"categories":[99],"tags":[],"class_list":["post-26674","post","type-post","status-publish","format-standard","has-post-thumbnail","hentry","category-novedades"],"_links":{"self":[{"href":"https:\/\/www.teatrodelbicentenariosanjuan.org\/en\/wp-json\/wp\/v2\/posts\/26674","targetHints":{"allow":["GET"]}}],"collection":[{"href":"https:\/\/www.teatrodelbicentenariosanjuan.org\/en\/wp-json\/wp\/v2\/posts"}],"about":[{"href":"https:\/\/www.teatrodelbicentenariosanjuan.org\/en\/wp-json\/wp\/v2\/types\/post"}],"author":[{"embeddable":true,"href":"https:\/\/www.teatrodelbicentenariosanjuan.org\/en\/wp-json\/wp\/v2\/users\/4"}],"replies":[{"embeddable":true,"href":"https:\/\/www.teatrodelbicentenariosanjuan.org\/en\/wp-json\/wp\/v2\/comments?post=26674"}],"version-history":[{"count":1,"href":"https:\/\/www.teatrodelbicentenariosanjuan.org\/en\/wp-json\/wp\/v2\/posts\/26674\/revisions"}],"predecessor-version":[{"id":26676,"href":"https:\/\/www.teatrodelbicentenariosanjuan.org\/en\/wp-json\/wp\/v2\/posts\/26674\/revisions\/26676"}],"wp:featuredmedia":[{"embeddable":true,"href":"https:\/\/www.teatrodelbicentenariosanjuan.org\/en\/wp-json\/wp\/v2\/media\/26675"}],"wp:attachment":[{"href":"https:\/\/www.teatrodelbicentenariosanjuan.org\/en\/wp-json\/wp\/v2\/media?parent=26674"}],"wp:term":[{"taxonomy":"category","embeddable":true,"href":"https:\/\/www.teatrodelbicentenariosanjuan.org\/en\/wp-json\/wp\/v2\/categories?post=26674"},{"taxonomy":"post_tag","embeddable":true,"href":"https:\/\/www.teatrodelbicentenariosanjuan.org\/en\/wp-json\/wp\/v2\/tags?post=26674"}],"curies":[{"name":"wp","href":"https:\/\/api.w.org\/{rel}","templated":true}]}}