{"id":26731,"date":"2025-06-23T11:25:32","date_gmt":"2025-06-23T14:25:32","guid":{"rendered":"https:\/\/www.teatrodelbicentenariosanjuan.org\/?p=26731"},"modified":"2025-06-23T14:25:15","modified_gmt":"2025-06-23T17:25:15","slug":"programa-de-formacion-y-desarrollo-profesional-para-bailarines-2-semestre","status":"publish","type":"post","link":"https:\/\/www.teatrodelbicentenariosanjuan.org\/en\/novedades\/programa-de-formacion-y-desarrollo-profesional-para-bailarines-2-semestre\/","title":{"rendered":"PROGRAMA DE FORMACI\u00d3N Y DESARROLLO PROFESIONAL PARA BAILARINES &#8211; 2\u00b0 SEMESTRE"},"content":{"rendered":"<p><em>La propuesta est\u00e1 dirigida a bailarines mayores de 16 a\u00f1os, con s\u00f3lida formaci\u00f3n en danza cl\u00e1sica y contempor\u00e1nea. Inscripciones hasta el martes 1 de julio. Cupos limitados.&nbsp;<\/em><\/p>\n\n\n\n<p>El Ministerio de Turismo, Cultura y Deporte, a trav\u00e9s del Teatro del Bicentenario, convoca a bailarines con s\u00f3lida t\u00e9cnica en danza cl\u00e1sica y contempor\u00e1nea que quieran audicionar para formar parte del Programa de Formaci\u00f3n y Desarrollo Profesional, dirigido por la reconocida bailarina Victoria Balanza. Los participantes ser\u00e1n seleccionados en una audici\u00f3n presencial el d\u00eda viernes 4 de julio (horario a confirmar) y el resultado de la selecci\u00f3n se dar\u00e1 a conocer el d\u00eda s\u00e1bado 5, v\u00eda mail. Las clases comenzar\u00e1n el d\u00eda lunes 7 de julio y continuar\u00e1n hasta el mes de diciembre.&nbsp;<\/p>\n\n\n\n<p><strong><em>El PROGRAMA DE FORMACI\u00d3N Y DESARROLLO PROFESIONAL PARA BAILARINES<\/em><\/strong><em> <\/em>que ofrece el Teatro del Bicentenario tiene como objetivo facilitar las experiencias educativas y art\u00edsticas necesarias para transitar el camino entre la formaci\u00f3n acad\u00e9mica y el desarrollo art\u00edstico profesional de los participantes. Es de car\u00e1cter gratuito, y se centra en el desarrollo de habilidades t\u00e9cnicas de la danza y la construcci\u00f3n de identidades propias. Los participantes aprenden una variedad de t\u00e9cnicas de danza contempor\u00e1nea y cl\u00e1sica, a trav\u00e9s de una pr\u00e1ctica rigurosa basada en el estudio y explorando los m\u00e9todos utilizados para generar y refinar el material de movimiento.<\/p>\n\n\n\n<p><strong>Requisitos:<\/strong><\/p>\n\n\n\n<ul class=\"wp-block-list\">\n<li>Los aspirantes deber\u00e1n tener 16 a\u00f1os o m\u00e1s<\/li>\n\n\n\n<li>Tener s\u00f3lida formaci\u00f3n en danza cl\u00e1sica y contempor\u00e1nea&nbsp;<\/li>\n\n\n\n<li>Contar con disponibilidad horaria de lunes a viernes de 14:00 a 15:30 hs. En el caso de seminarios o residencias el horario se podr\u00e1 extender hasta las 19:30 hs y los s\u00e1bados de 9:00 a 14:30 hs.<\/li>\n<\/ul>\n\n\n\n<p>Los interesados podr\u00e1n anotarse a trav\u00e9s de un formulario Google disponible en la web del teatro <a href=\"https:\/\/www.teatrodelbicentenariosanjuan.org\/\" target=\"_blank\" rel=\"noreferrer noopener\">https:\/\/www.teatrodelbicentenariosanjuan.org\/<\/a> (secci\u00f3n Formaci\u00f3n) y aceptar las bases y condiciones disponibles. Cupos limitados.&nbsp;<\/p>\n\n\n\n<p><strong>Formulario de<\/strong> <strong>Inscripci\u00f3n:<\/strong><a href=\"https:\/\/forms.gle\/HbhfcHrWacgu4X9QA\"><strong> https:\/\/forms.gle\/HbhfcHrWacgu4X9QA <\/strong><\/a><\/p>\n\n\n\n<p><strong>Info: <\/strong><a href=\"mailto:audiciones.teatrobicentenario@gmail.com\" target=\"_blank\" rel=\"noreferrer noopener\"><strong>audiciones.teatrobicentenario@gmail.com<\/strong><\/a><strong>&nbsp;&nbsp;<\/strong><\/p>\n\n\n\n<p><\/p>","protected":false},"excerpt":{"rendered":"<p>La propuesta est\u00e1 dirigida a bailarines mayores de 16 a\u00f1os, con s\u00f3lida formaci\u00f3n en danza cl\u00e1sica y contempor\u00e1nea. Inscripciones hasta el martes 1 de julio. Cupos limitados.&nbsp; El Ministerio de Turismo, Cultura y Deporte, a trav\u00e9s del Teatro del Bicentenario, convoca a bailarines con s\u00f3lida&#8230;<\/p>","protected":false},"author":4,"featured_media":26732,"comment_status":"closed","ping_status":"closed","sticky":false,"template":"","format":"standard","meta":{"h5ap_radio_sources":[],"footnotes":""},"categories":[99],"tags":[],"class_list":["post-26731","post","type-post","status-publish","format-standard","has-post-thumbnail","hentry","category-novedades"],"_links":{"self":[{"href":"https:\/\/www.teatrodelbicentenariosanjuan.org\/en\/wp-json\/wp\/v2\/posts\/26731","targetHints":{"allow":["GET"]}}],"collection":[{"href":"https:\/\/www.teatrodelbicentenariosanjuan.org\/en\/wp-json\/wp\/v2\/posts"}],"about":[{"href":"https:\/\/www.teatrodelbicentenariosanjuan.org\/en\/wp-json\/wp\/v2\/types\/post"}],"author":[{"embeddable":true,"href":"https:\/\/www.teatrodelbicentenariosanjuan.org\/en\/wp-json\/wp\/v2\/users\/4"}],"replies":[{"embeddable":true,"href":"https:\/\/www.teatrodelbicentenariosanjuan.org\/en\/wp-json\/wp\/v2\/comments?post=26731"}],"version-history":[{"count":3,"href":"https:\/\/www.teatrodelbicentenariosanjuan.org\/en\/wp-json\/wp\/v2\/posts\/26731\/revisions"}],"predecessor-version":[{"id":26744,"href":"https:\/\/www.teatrodelbicentenariosanjuan.org\/en\/wp-json\/wp\/v2\/posts\/26731\/revisions\/26744"}],"wp:featuredmedia":[{"embeddable":true,"href":"https:\/\/www.teatrodelbicentenariosanjuan.org\/en\/wp-json\/wp\/v2\/media\/26732"}],"wp:attachment":[{"href":"https:\/\/www.teatrodelbicentenariosanjuan.org\/en\/wp-json\/wp\/v2\/media?parent=26731"}],"wp:term":[{"taxonomy":"category","embeddable":true,"href":"https:\/\/www.teatrodelbicentenariosanjuan.org\/en\/wp-json\/wp\/v2\/categories?post=26731"},{"taxonomy":"post_tag","embeddable":true,"href":"https:\/\/www.teatrodelbicentenariosanjuan.org\/en\/wp-json\/wp\/v2\/tags?post=26731"}],"curies":[{"name":"wp","href":"https:\/\/api.w.org\/{rel}","templated":true}]}}