{"id":26745,"date":"2025-06-24T13:23:14","date_gmt":"2025-06-24T16:23:14","guid":{"rendered":"https:\/\/www.teatrodelbicentenariosanjuan.org\/?p=26745"},"modified":"2025-06-24T13:23:17","modified_gmt":"2025-06-24T16:23:17","slug":"tablao-flamenco-llega-al-tb-con-un-espectaculo-internacional-de-baile-y-musica-en-vivo","status":"publish","type":"post","link":"https:\/\/www.teatrodelbicentenariosanjuan.org\/en\/novedades\/tablao-flamenco-llega-al-tb-con-un-espectaculo-internacional-de-baile-y-musica-en-vivo\/","title":{"rendered":"TABLAO FLAMENCO LLEGA AL TB CON UN ESPECT\u00c1CULO INTERNACIONAL DE BAILE Y M\u00daSICA EN VIVO"},"content":{"rendered":"<p><em>El viernes 18 de julio, a las 22:00 hs, la Sala Audit\u00f3rium del Teatro del Bicentenario se enciende con \u201cTablao Flamenco Internacional\u201d, una propuesta vibrante que re\u00fane a destacados artistas locales e internacionales. <\/em><strong><em>Entradas a la venta.<\/em><\/strong><\/p>\n\n\n\n<p>El Ministerio de Turismo, Cultura y Deporte, a trav\u00e9s del Teatro del Bicentenario, presenta <em>Tablao Flamenco Internacional<\/em>, un espect\u00e1culo que fusiona el canto, la guitarra y el baile flamenco en una experiencia esc\u00e9nica \u00fanica, evocando la esencia m\u00e1s pura de los tradicionales tablaos andaluces.<\/p>\n\n\n\n<p>Bajo la direcci\u00f3n de Cuky Maestro y con el impulso de la Asociaci\u00f3n Civil Ciclo Flamenco, el escenario se llenar\u00e1 de arte con la presencia de los bailaores Luis Padilla y Melisa Pic\u00f3n, acompa\u00f1ados por la maestr\u00eda del guitarrista Lucas Ben\u00edtez, llegado desde Jerez de la Frontera, Espa\u00f1a. Desde Sevilla, la voz de Lydia Mart\u00edn sumar\u00e1 profundidad y emoci\u00f3n, junto al talento del cantaor gitano Lisandro Aramayo, oriundo de Tucum\u00e1n. Una conjunci\u00f3n de culturas y trayectorias que dar\u00e1 vida a un espect\u00e1culo vibrante, con m\u00fasica y baile flamenco en vivo.<\/p>\n\n\n\n<p><strong>La funci\u00f3n ser\u00e1 el viernes 18 de julio a las 22:00 hs, en la Sala Audit\u00f3rium del Teatro del Bicentenario.<\/strong><\/p>\n\n\n\n<p><strong>Entrada general: $18.000, con DESCUENTOS EXCLUSIVOS en boleter\u00eda.<\/strong><\/p>\n\n\n\n<p><strong>Entradas a la venta en boleter\u00eda del teatro (lunes a viernes de 9:30 a 14:00 hs y de 16:00 a 20:00 hs, s\u00e1bados de 9:30 a 14:00 hs) o a trav\u00e9s de <a href=\"http:\/\/tuentrada.com\" target=\"_blank\" rel=\"noreferrer noopener\">TuEntrada.com<\/a><\/strong><\/p>","protected":false},"excerpt":{"rendered":"<p>El viernes 18 de julio, a las 22:00 hs, la Sala Audit\u00f3rium del Teatro del Bicentenario se enciende con \u201cTablao Flamenco Internacional\u201d, una propuesta vibrante que re\u00fane a destacados artistas locales e internacionales. Entradas a la venta. El Ministerio de Turismo, Cultura y Deporte, a&#8230;<\/p>","protected":false},"author":4,"featured_media":26746,"comment_status":"closed","ping_status":"closed","sticky":false,"template":"","format":"standard","meta":{"h5ap_radio_sources":[],"footnotes":""},"categories":[99],"tags":[],"class_list":["post-26745","post","type-post","status-publish","format-standard","has-post-thumbnail","hentry","category-novedades"],"_links":{"self":[{"href":"https:\/\/www.teatrodelbicentenariosanjuan.org\/en\/wp-json\/wp\/v2\/posts\/26745","targetHints":{"allow":["GET"]}}],"collection":[{"href":"https:\/\/www.teatrodelbicentenariosanjuan.org\/en\/wp-json\/wp\/v2\/posts"}],"about":[{"href":"https:\/\/www.teatrodelbicentenariosanjuan.org\/en\/wp-json\/wp\/v2\/types\/post"}],"author":[{"embeddable":true,"href":"https:\/\/www.teatrodelbicentenariosanjuan.org\/en\/wp-json\/wp\/v2\/users\/4"}],"replies":[{"embeddable":true,"href":"https:\/\/www.teatrodelbicentenariosanjuan.org\/en\/wp-json\/wp\/v2\/comments?post=26745"}],"version-history":[{"count":1,"href":"https:\/\/www.teatrodelbicentenariosanjuan.org\/en\/wp-json\/wp\/v2\/posts\/26745\/revisions"}],"predecessor-version":[{"id":26747,"href":"https:\/\/www.teatrodelbicentenariosanjuan.org\/en\/wp-json\/wp\/v2\/posts\/26745\/revisions\/26747"}],"wp:featuredmedia":[{"embeddable":true,"href":"https:\/\/www.teatrodelbicentenariosanjuan.org\/en\/wp-json\/wp\/v2\/media\/26746"}],"wp:attachment":[{"href":"https:\/\/www.teatrodelbicentenariosanjuan.org\/en\/wp-json\/wp\/v2\/media?parent=26745"}],"wp:term":[{"taxonomy":"category","embeddable":true,"href":"https:\/\/www.teatrodelbicentenariosanjuan.org\/en\/wp-json\/wp\/v2\/categories?post=26745"},{"taxonomy":"post_tag","embeddable":true,"href":"https:\/\/www.teatrodelbicentenariosanjuan.org\/en\/wp-json\/wp\/v2\/tags?post=26745"}],"curies":[{"name":"wp","href":"https:\/\/api.w.org\/{rel}","templated":true}]}}