{"id":26779,"date":"2025-07-11T10:43:12","date_gmt":"2025-07-11T13:43:12","guid":{"rendered":"https:\/\/www.teatrodelbicentenariosanjuan.org\/?p=26779"},"modified":"2025-07-22T13:58:52","modified_gmt":"2025-07-22T16:58:52","slug":"herencia-en-movimiento-del-ballet-al-andalus-llega-a-la-sala-auditorium-del-tb","status":"publish","type":"post","link":"https:\/\/www.teatrodelbicentenariosanjuan.org\/en\/novedades\/herencia-en-movimiento-del-ballet-al-andalus-llega-a-la-sala-auditorium-del-tb\/","title":{"rendered":"\u201cHERENCIA EN MOVIMIENTO\u201d DEL BALLET AL-ANDALUS LLEGA A LA SALA AUDIT\u00d3RIUM DEL TB"},"content":{"rendered":"<p dir=\"ltr\"><em>El Grupo Gestor Al-\u00c1ndalus presentar\u00e1 \u201cHerencia en Movimiento\u00bb donde la danza espa\u00f1ola ser\u00e1 protagonista en un homenaje a la maestra Sibila Miatello\u201d. El espect\u00e1culo tendr\u00e1 lugar el s\u00e1bado 26 de julio de 2025 a las 21 hs en la Sala Audit\u00f3rium del Teatro del Bicentenario. Entradas a la venta.<\/em><\/p>\n<p dir=\"ltr\">El Ministerio de Turismo, Cultura y Deporte, a trav\u00e9s del Teatro del Bicentenario, presenta Herencia en Movimiento. Este evento se incluye en un ciclo de funciones por todo el pa\u00eds, iniciado en 2024, dedicado a la difusi\u00f3n y conservaci\u00f3n del legado art\u00edstico de la maestra y bailarina Argentina Sibila Miatello, fundadora del Ballet Al-\u00c1ndalus en 1996.<\/p>\n<p dir=\"ltr\">El Grupo Gestor Al-\u00c1ndalus busca mantener vivos los lazos con la tradici\u00f3n est\u00e9tica y cultural que Sibila Miatello supo transmitir a estudiantes, docentes y artistas de toda Argentina y pa\u00edses lim\u00edtrofes. Estas funciones se insertan dentro de las celebraciones por el 30 aniversario de la compa\u00f1\u00eda, que se celebrar\u00e1 en 2026.<\/p>\n<p dir=\"ltr\">\u00a0Las bailarinas <strong>Anabel Cano<\/strong> (Justo Daract, San Luis), <strong>Chela Fern\u00e1ndez Belli<\/strong> (Concordia Entre Rios), <strong>Florencia Retamosa<\/strong> (Esquel, Chubut), <strong>Florencia Pereira<\/strong> (Azul, Buenos Aires), Muriel Gonz\u00e1lez (CABA),\u00a0 <strong>Bel\u00e9n Ortiz Mar\u00edn<\/strong> (Viedma, Rio Negro),<strong> Roc\u00edo Ortigosa<\/strong> (Buenos Aires), <strong>Silvana Safenreiter<\/strong> (Buenos Aires), <strong>Mariela Vilches<\/strong> (Mendoza), actuales integrantes del Ballet Al \u00c1ndalus, interpretar\u00e1n este variado repertorio de coreograf\u00edas que abarcan todas las ramas de la danza espa\u00f1ola.<\/p>\n<p dir=\"ltr\"><strong>\u00a0Sinopsis de la obra<\/strong><\/p>\n<p dir=\"ltr\">\u00a0El Ballet Al-Andalus presenta \u201cHerencia en Movimiento\u201d, un sentido homenaje a su maestra, core\u00f3grafa y creadora Sibila. En esta propuesta esc\u00e9nica, se realiza un recorrido por los cuatro estilos fundamentales de la Danza Espa\u00f1ola, unidos en un di\u00e1logo temperamental y profundo.<\/p>\n<p dir=\"ltr\">\u00a0Desde el Folklore Espa\u00f1ol, nacido del alma del pueblo, se abre el camino hacia la delicadeza de la Escuela Bolera, con bailes de repertorio \u00fanicos. La bata de cola introduce nuevos matices y texturas, que se funden luego en el cante m\u00e1s hondo del flamenco, atravesando formas como los tangos y las guajiras. Finalmente, la exquisita Danza Estilizada \u2014con obras del repertorio original de Sibila\u2014 cierra este viaje con elegancia.<\/p>\n<p dir=\"ltr\">\u00a0Este espect\u00e1culo tiene como prop\u00f3sito agradecer y honrar el legado que Sibila sembr\u00f3 a lo largo y ancho de Argentina, donde su ense\u00f1anza y su arte dejaron huellas profundas y duraderas. Herencia en Movimiento es, ante todo, una forma de rendir tributo a quien plant\u00f3 semillas que hoy florecen en cada rinc\u00f3n del pa\u00eds a trav\u00e9s de la danza.<\/p>\n<p dir=\"ltr\">Las voces en off de grandes referentes como Sibila, \u00c1ngel Pericet y Mariemma nos acompa\u00f1an a lo largo de esta puesta, aportando contexto, historia y emoci\u00f3n a esta celebraci\u00f3n de la riqueza, diversidad y continuidad de la Danza Espa\u00f1ola.<\/p>\n<p dir=\"ltr\"><strong>La funci\u00f3n ser\u00e1 el s\u00e1bado 26 de julio a las 21:00 hs, en la Sala Audit\u00f3rium del Teatro del Bicentenario.<\/strong><\/p>\n<p dir=\"ltr\"><strong>Entrada general: $20.000, con DESCUENTOS EXCLUSIVOS en boleter\u00eda.<\/strong><\/p>\n<p><span id=\"m_-7503814752329495009gmail-docs-internal-guid-cacb8b47-7fff-065a-e067-ecb2e6cfb000\"><strong>Entradas a la venta en boleter\u00eda del teatro (lunes a viernes de 9:30 a 14:00 hs y de 16:00 a 20:00 hs, s\u00e1bados de 9:30 a 14:00 hs) o a trav\u00e9s de <\/strong><a href=\"http:\/\/tuentrada.com\" target=\"_blank\" rel=\"noopener\" data-saferedirecturl=\"https:\/\/www.google.com\/url?q=http:\/\/tuentrada.com&amp;source=gmail&amp;ust=1752327295904000&amp;usg=AOvVaw07GVWgwZ4uzkeWchGuNwQr\"><strong>TuEntrada.com<\/strong><\/a><\/span><\/p>","protected":false},"excerpt":{"rendered":"<p>El Grupo Gestor Al-\u00c1ndalus presentar\u00e1 \u201cHerencia en Movimiento\u00bb donde la danza espa\u00f1ola ser\u00e1 protagonista en un homenaje a la maestra Sibila Miatello\u201d. El espect\u00e1culo tendr\u00e1 lugar el s\u00e1bado 26 de julio de 2025 a las 21 hs en la Sala Audit\u00f3rium del Teatro del Bicentenario&#8230;.<\/p>","protected":false},"author":4,"featured_media":26780,"comment_status":"closed","ping_status":"closed","sticky":false,"template":"","format":"standard","meta":{"h5ap_radio_sources":[],"footnotes":""},"categories":[99],"tags":[],"class_list":["post-26779","post","type-post","status-publish","format-standard","has-post-thumbnail","hentry","category-novedades"],"_links":{"self":[{"href":"https:\/\/www.teatrodelbicentenariosanjuan.org\/en\/wp-json\/wp\/v2\/posts\/26779","targetHints":{"allow":["GET"]}}],"collection":[{"href":"https:\/\/www.teatrodelbicentenariosanjuan.org\/en\/wp-json\/wp\/v2\/posts"}],"about":[{"href":"https:\/\/www.teatrodelbicentenariosanjuan.org\/en\/wp-json\/wp\/v2\/types\/post"}],"author":[{"embeddable":true,"href":"https:\/\/www.teatrodelbicentenariosanjuan.org\/en\/wp-json\/wp\/v2\/users\/4"}],"replies":[{"embeddable":true,"href":"https:\/\/www.teatrodelbicentenariosanjuan.org\/en\/wp-json\/wp\/v2\/comments?post=26779"}],"version-history":[{"count":1,"href":"https:\/\/www.teatrodelbicentenariosanjuan.org\/en\/wp-json\/wp\/v2\/posts\/26779\/revisions"}],"predecessor-version":[{"id":26781,"href":"https:\/\/www.teatrodelbicentenariosanjuan.org\/en\/wp-json\/wp\/v2\/posts\/26779\/revisions\/26781"}],"wp:featuredmedia":[{"embeddable":true,"href":"https:\/\/www.teatrodelbicentenariosanjuan.org\/en\/wp-json\/wp\/v2\/media\/26780"}],"wp:attachment":[{"href":"https:\/\/www.teatrodelbicentenariosanjuan.org\/en\/wp-json\/wp\/v2\/media?parent=26779"}],"wp:term":[{"taxonomy":"category","embeddable":true,"href":"https:\/\/www.teatrodelbicentenariosanjuan.org\/en\/wp-json\/wp\/v2\/categories?post=26779"},{"taxonomy":"post_tag","embeddable":true,"href":"https:\/\/www.teatrodelbicentenariosanjuan.org\/en\/wp-json\/wp\/v2\/tags?post=26779"}],"curies":[{"name":"wp","href":"https:\/\/api.w.org\/{rel}","templated":true}]}}