{"id":26782,"date":"2025-07-14T10:56:46","date_gmt":"2025-07-14T13:56:46","guid":{"rendered":"https:\/\/www.teatrodelbicentenariosanjuan.org\/?p=26782"},"modified":"2025-07-22T13:58:22","modified_gmt":"2025-07-22T16:58:22","slug":"el-teatro-del-bicentenario-recibe-al-ballet-estable-del-teatro-colon-con-la-puesta-en-escena-de-carmen","status":"publish","type":"post","link":"https:\/\/www.teatrodelbicentenariosanjuan.org\/en\/novedades\/el-teatro-del-bicentenario-recibe-al-ballet-estable-del-teatro-colon-con-la-puesta-en-escena-de-carmen\/","title":{"rendered":"EL TEATRO DEL BICENTENARIO RECIBE AL BALLET ESTABLE DEL TEATRO COL\u00d3N CON LA PUESTA EN ESCENA DE CARMEN"},"content":{"rendered":"<p>El <strong>Ballet Estable del Teatro Col\u00f3n<\/strong>, bajo la direcci\u00f3n art\u00edstica de <strong>Julio Bocca<\/strong>, desembarca en San Juan con una de las obras m\u00e1s emblem\u00e1ticas del repertorio: <strong><em>Carmen,<\/em><\/strong><strong> de Georges Bizet<\/strong>. Esta funci\u00f3n, que se presentar\u00e1 el <strong>15, 16 y 17 de agosto<\/strong> en el Teatro del Bicentenario, marca un <strong>hito hist\u00f3rico<\/strong>, ya que ser\u00e1 el \u00fanico teatro del pa\u00eds que recibir\u00e1 a la prestigiosa compa\u00f1\u00eda en esta temporada. Esta es una oportunidad \u00fanica para los sanjuaninos de presenciar, en su propio escenario, una obra de esta magnitud, lo que <strong>convierte al Teatro del Bicentenario en un lugar de gran relevancia para la cultura nacional.<\/strong><\/p>\n\n\n\n<p>Esta versi\u00f3n de&nbsp;<em>Carmen<\/em>, con&nbsp;<strong>coreograf\u00eda de Marcia Hayd\u00e9ey<\/strong>&nbsp;<strong>reposici\u00f3n a cargo del maestro Pablo Aharonian<\/strong>, promete una&nbsp;<strong>puesta deslumbrante<\/strong>&nbsp;que combina la&nbsp;<strong>fuerza de la danza<\/strong>&nbsp;con la&nbsp;<strong>intensidad dram\u00e1tica<\/strong>&nbsp;de la m\u00fasica de Bizet. La obra, inspirada en la historia de la enigm\u00e1tica cigarrera sevillana, se llevar\u00e1 a cabo el 15, 16 de agosto, a las 20hs.; y el 17 de agosto, a las 19hs, en la Sala Principal del Teatro del Bicentenario.<\/p>\n\n\n\n<p>La escenograf\u00eda y vestuario de esta puesta est\u00e1n a cargo de&nbsp;<strong>Pablo N\u00fa\u00f1ez<\/strong>, mientras que la realizaci\u00f3n del vestuario es obra de&nbsp;<strong>Carlos P\u00e9rez<\/strong>. La iluminaci\u00f3n, clave para crear la atm\u00f3sfera dram\u00e1tica de la obra, fue dise\u00f1ada por&nbsp;<strong>Ricardo Castro<\/strong>, y los arreglos musicales que enriquecen la partitura original de Bizet fueron creados por&nbsp;<strong>Albena Dobreva<\/strong>, completando un equipo art\u00edstico de primer nivel que garantiza una experiencia visual y sonora excepcional.<\/p>\n\n\n<div>\n<p dir=\"ltr\">Cabe destacar que la llegada del reconocido artista <strong>Julio Bocca<\/strong> a San Juan, al frente del Ballet Estable del Teatro Col\u00f3n, reviste una<strong> importancia trascendental<\/strong> tanto por su figura emblem\u00e1tica en la danza como por el contexto hist\u00f3rico que la enmarca. En el a\u00f1o en que el Teatro Col\u00f3n celebra el centenario de los ballet estables del coliseo, esta reposici\u00f3n de Carmen en el Teatro del Bicentenario cobra un valor simb\u00f3lico y art\u00edstico excepcional. Esta obra fue elegida para inaugurar la Temporada 2025 del Col\u00f3n con diez funciones completamente agotadas, lo que reafirma su jerarqu\u00eda y vigencia. Todo esto convierte a esta presentaci\u00f3n en un acontecimiento <strong>hist\u00f3rico e imperdible para el p\u00fablico sanjuanino y para todos los amantes de la danza y la cultura.<\/strong><\/p>\n<p dir=\"ltr\"><strong>Los roles principales estar\u00e1n interpretados por:<\/strong><\/p>\n<ul>\n<li dir=\"ltr\">\n<p dir=\"ltr\" role=\"presentation\"><strong>Carmen<\/strong>: Natalia Pelayo, Camila Bocca, Ayel\u00e9n S\u00e1nchez, Eliana Figueroa y Victoria Wolf.<\/p>\n<\/li>\n<li dir=\"ltr\">\n<p dir=\"ltr\" role=\"presentation\"><strong>Don Jos\u00e9:<\/strong> Valent\u00edn Batista, Federico Fern\u00e1ndez, Facundo Luqui, Jiva Vel\u00e1zquez y Juan Pablo Ledo.<\/p>\n<\/li>\n<li dir=\"ltr\">\n<p dir=\"ltr\" role=\"presentation\"><strong>Micaela<\/strong>: Camila Bocca, Roc\u00edo Ag\u00fcero, Ayel\u00e9n S\u00e1nchez y Mora Capasso.<\/p>\n<\/li>\n<li dir=\"ltr\">\n<p dir=\"ltr\" role=\"presentation\"><strong>Escamillo<\/strong>: Federico Fern\u00e1ndez, Juan Pablo Ledo, Alan Pereyra y Jiva Vel\u00e1zquez.<\/p>\n<\/li>\n<li dir=\"ltr\">\n<p dir=\"ltr\" role=\"presentation\"><strong>Bailarines<\/strong>: Mora Capasso junto a Facundo Luqui bajo la mirada atenta de Marcia Hayd\u00e9e, Africa Guzm\u00e1n y Luis Ortigoza. Ph: Carlos Villamayor.<\/p>\n<\/li>\n<\/ul>\n<p dir=\"ltr\"><strong>Los tickets de $25.000, $35,000; $45,000, $55,000, $65.000, ya se encuentran a la venta en boleter\u00eda del teatro, de lunes a viernes de 9:30 a 14 y de 16 a 20hs.; los d\u00edas s\u00e1bados de 9:30 a 14hs de funci\u00f3n, y 2 horas antes de la funci\u00f3n los d\u00edas s\u00e1bados, domingos y feriados; y de forma online a trav\u00e9s de \u00a0<a href=\"http:\/\/www.tuentrada.com\" target=\"_blank\" rel=\"noopener\" data-saferedirecturl=\"https:\/\/www.google.com\/url?q=http:\/\/www.tuentrada.com&amp;source=gmail&amp;ust=1752587442343000&amp;usg=AOvVaw2pgOi_frDFNC8NWnE3uNnj\">www.tuentrada.com<\/a>. Para este evento en especial, el Teatro del Bicentenario promueve una preventa exclusiva del 20% de descuento en ubicaciones preferenciales tanto en boleter\u00eda como online disponible hasta el 31 de julio inclusive. Adem\u00e1s, los jubilados podr\u00e1n acceder a un descuento del 20%, s\u00f3lo en boleter\u00eda en diferentes ubicaciones.<\/strong><\/p>\n<p dir=\"ltr\"><strong>Un a\u00f1o de celebraci\u00f3n<\/strong><br \/>Esta producci\u00f3n se enmarca en un\u00a0<strong>a\u00f1o especial<\/strong>\u00a0para el<strong>\u00a0Ballet Estable del Teatro Col\u00f3n<\/strong>, que en 2025 celebra\u00a0100 a\u00f1os de trayectoria. Desde su creaci\u00f3n en 1925, la compa\u00f1\u00eda ha sido un referente de la\u00a0danza argentina y latinoamericana, consolid\u00e1ndose como una de las<strong>\u00a0m\u00e1s prestigiosas de la regi\u00f3n.<\/strong><\/p>\n<\/div>\n<div>\n<div class=\"gmail_signature\" dir=\"ltr\" data-smartmail=\"gmail_signature\">\n<div dir=\"ltr\">\u00a0<\/div>\n<\/div>\n<\/div>","protected":false},"excerpt":{"rendered":"<p>El Ballet Estable del Teatro Col\u00f3n, bajo la direcci\u00f3n art\u00edstica de Julio Bocca, desembarca en San Juan con una de las obras m\u00e1s emblem\u00e1ticas del repertorio: Carmen, de Georges Bizet. Esta funci\u00f3n, que se presentar\u00e1 el 15, 16 y 17 de agosto en el Teatro&#8230;<\/p>","protected":false},"author":4,"featured_media":26783,"comment_status":"closed","ping_status":"closed","sticky":true,"template":"","format":"standard","meta":{"h5ap_radio_sources":[],"footnotes":""},"categories":[99],"tags":[],"class_list":["post-26782","post","type-post","status-publish","format-standard","has-post-thumbnail","hentry","category-novedades"],"_links":{"self":[{"href":"https:\/\/www.teatrodelbicentenariosanjuan.org\/en\/wp-json\/wp\/v2\/posts\/26782","targetHints":{"allow":["GET"]}}],"collection":[{"href":"https:\/\/www.teatrodelbicentenariosanjuan.org\/en\/wp-json\/wp\/v2\/posts"}],"about":[{"href":"https:\/\/www.teatrodelbicentenariosanjuan.org\/en\/wp-json\/wp\/v2\/types\/post"}],"author":[{"embeddable":true,"href":"https:\/\/www.teatrodelbicentenariosanjuan.org\/en\/wp-json\/wp\/v2\/users\/4"}],"replies":[{"embeddable":true,"href":"https:\/\/www.teatrodelbicentenariosanjuan.org\/en\/wp-json\/wp\/v2\/comments?post=26782"}],"version-history":[{"count":3,"href":"https:\/\/www.teatrodelbicentenariosanjuan.org\/en\/wp-json\/wp\/v2\/posts\/26782\/revisions"}],"predecessor-version":[{"id":26812,"href":"https:\/\/www.teatrodelbicentenariosanjuan.org\/en\/wp-json\/wp\/v2\/posts\/26782\/revisions\/26812"}],"wp:featuredmedia":[{"embeddable":true,"href":"https:\/\/www.teatrodelbicentenariosanjuan.org\/en\/wp-json\/wp\/v2\/media\/26783"}],"wp:attachment":[{"href":"https:\/\/www.teatrodelbicentenariosanjuan.org\/en\/wp-json\/wp\/v2\/media?parent=26782"}],"wp:term":[{"taxonomy":"category","embeddable":true,"href":"https:\/\/www.teatrodelbicentenariosanjuan.org\/en\/wp-json\/wp\/v2\/categories?post=26782"},{"taxonomy":"post_tag","embeddable":true,"href":"https:\/\/www.teatrodelbicentenariosanjuan.org\/en\/wp-json\/wp\/v2\/tags?post=26782"}],"curies":[{"name":"wp","href":"https:\/\/api.w.org\/{rel}","templated":true}]}}