{"id":26792,"date":"2025-07-15T14:27:35","date_gmt":"2025-07-15T17:27:35","guid":{"rendered":"https:\/\/www.teatrodelbicentenariosanjuan.org\/?p=26792"},"modified":"2025-07-15T14:27:37","modified_gmt":"2025-07-15T17:27:37","slug":"cuerpo-y-escena-una-celebracion-del-movimiento-en-el-teatro-del-bicentenario","status":"publish","type":"post","link":"https:\/\/www.teatrodelbicentenariosanjuan.org\/en\/novedades\/cuerpo-y-escena-una-celebracion-del-movimiento-en-el-teatro-del-bicentenario\/","title":{"rendered":"CUERPO Y ESCENA: UNA CELEBRACI\u00d3N DEL MOVIMIENTO EN EL TEATRO DEL BICENTENARIO"},"content":{"rendered":"<p><em>La muestra de cierre se realizar\u00e1 el s\u00e1bado 19, a las 17hs, en el Hall del Teatro del Bicentenario. Entrada libre y gratuita.<\/em><\/p>\n<p>Este s\u00e1bado a las 17 h, el Hall del Teatro del Bicentenario se transformar\u00e1 en un escenario vivo donde la danza contempor\u00e1nea desplegar\u00e1 toda su potencia expresiva. Con entrada libre y gratuita, el p\u00fablico est\u00e1 invitado a experimentar la muestra de cierre del Seminario Intensivo de Danza a cargo de Gabriel Rodr\u00edguez, uno de los referentes m\u00e1s destacados del movimiento esc\u00e9nico actual.<\/p>\n<p>Organizado en el marco del Programa de Formaci\u00f3n del Teatro del Bicentenario, dependiente del Ministerio de Turismo, Cultura y Deporte del Gobierno de San Juan, este seminario se desarroll\u00f3 entre el 10 y el 18 de julio, y estuvo destinado a bailarines avanzados y docentes, quienes participaron de un espacio de inmersi\u00f3n t\u00e9cnica y po\u00e9tica centrado en el cuerpo como veh\u00edculo de lenguaje y creaci\u00f3n.<\/p>\n<p>Durante las jornadas, Rodr\u00edguez comparti\u00f3 herramientas de composici\u00f3n esc\u00e9nica que integran el cuerpo, la emoci\u00f3n y el territorio como ejes de trabajo creativo. Las clases tambi\u00e9n ofrecieron una modalidad abierta a oyentes, permitiendo que p\u00fablico general y estudiantes pudieran observar el proceso de creaci\u00f3n desde una perspectiva cercana.<\/p>\n<p>La muestra de cierre es una invitaci\u00f3n a celebrar este recorrido de exploraci\u00f3n art\u00edstica, donde la t\u00e9cnica se transforma en emoci\u00f3n, pensamiento y presencia esc\u00e9nica.<\/p>\n<p><strong><u>Sobre la obra: <em>Mechanisch<\/em><\/u><\/strong><\/p>\n<p>La muestra incluir\u00e1 la puesta en escena de <strong>\u201cMechanisch\u201d<\/strong>, una obra creada durante el seminario y dirigida por Gabriel Rodr\u00edguez, con la asistencia art\u00edstica de Nicol\u00e1s S\u00e1nchez Harriet.<\/p>\n<p>Mechanisch es una obra de danza contempor\u00e1nea que investiga la tensi\u00f3n entre la libertad individual y la sistematizaci\u00f3n de los cuerpos en la sociedad actual. A trav\u00e9s de una experiencia sensorial e inmersiva, los int\u00e9rpretes exploran c\u00f3mo instituciones como la escuela, la universidad o el mundo laboral imponen patrones que disocian al cuerpo de su naturaleza espont\u00e1nea.<\/p>\n<p>El lenguaje esc\u00e9nico de la obra se construye a partir del estudio de comportamientos sociales, estructuras de poder y movimientos mecanizados, que luego se traducen en una po\u00e9tica corporal profunda y cr\u00edtica. La propuesta esc\u00e9nica es minimalista: sin escenograf\u00eda ni utiler\u00eda, con los cuerpos como \u00fanico soporte expresivo.<\/p>\n<p>La transformaci\u00f3n del vestuario traza un recorrido metaf\u00f3rico sobre el adoctrinamiento, la conformidad, y la b\u00fasqueda de autenticidad. La obra interpela y conmueve, planteando una reflexi\u00f3n sobre los l\u00edmites entre libertad y control en la vida contempor\u00e1nea.<\/p>\n<p><strong>Sobre Gabriel Rodr\u00edguez<\/strong><\/p>\n<p>Gabriel Rodr\u00edguez es docente, core\u00f3grafo, dramaturgo del movimiento e investigador esc\u00e9nico. Dirige el grupo Descalzos Danza Teatro y el Centro Cultural Portal 271. Es egresado del Taller de Danza del Teatro San Mart\u00edn (CABA), ha sido becado por el Instituto Nacional del Teatro (INT) y el Fondo Nacional de las Artes (FNA), y actualmente cursa la Maestr\u00eda en Direcci\u00f3n Teatral en la UNICEN.<\/p>\n<p>Con una trayectoria pedag\u00f3gica y art\u00edstica consolidada, ha desarrollado seminarios, montajes y proyectos de investigaci\u00f3n en todo el pa\u00eds, explorando la relaci\u00f3n entre cuerpo, escena y territorio como n\u00facleos de creaci\u00f3n e identidad.<\/p>","protected":false},"excerpt":{"rendered":"<p>La muestra de cierre se realizar\u00e1 el s\u00e1bado 19, a las 17hs, en el Hall del Teatro del Bicentenario. Entrada libre y gratuita. Este s\u00e1bado a las 17 h, el Hall del Teatro del Bicentenario se transformar\u00e1 en un escenario vivo donde la danza contempor\u00e1nea&#8230;<\/p>","protected":false},"author":4,"featured_media":26793,"comment_status":"closed","ping_status":"closed","sticky":false,"template":"","format":"standard","meta":{"h5ap_radio_sources":[],"footnotes":""},"categories":[99],"tags":[],"class_list":["post-26792","post","type-post","status-publish","format-standard","has-post-thumbnail","hentry","category-novedades"],"_links":{"self":[{"href":"https:\/\/www.teatrodelbicentenariosanjuan.org\/en\/wp-json\/wp\/v2\/posts\/26792","targetHints":{"allow":["GET"]}}],"collection":[{"href":"https:\/\/www.teatrodelbicentenariosanjuan.org\/en\/wp-json\/wp\/v2\/posts"}],"about":[{"href":"https:\/\/www.teatrodelbicentenariosanjuan.org\/en\/wp-json\/wp\/v2\/types\/post"}],"author":[{"embeddable":true,"href":"https:\/\/www.teatrodelbicentenariosanjuan.org\/en\/wp-json\/wp\/v2\/users\/4"}],"replies":[{"embeddable":true,"href":"https:\/\/www.teatrodelbicentenariosanjuan.org\/en\/wp-json\/wp\/v2\/comments?post=26792"}],"version-history":[{"count":1,"href":"https:\/\/www.teatrodelbicentenariosanjuan.org\/en\/wp-json\/wp\/v2\/posts\/26792\/revisions"}],"predecessor-version":[{"id":26794,"href":"https:\/\/www.teatrodelbicentenariosanjuan.org\/en\/wp-json\/wp\/v2\/posts\/26792\/revisions\/26794"}],"wp:featuredmedia":[{"embeddable":true,"href":"https:\/\/www.teatrodelbicentenariosanjuan.org\/en\/wp-json\/wp\/v2\/media\/26793"}],"wp:attachment":[{"href":"https:\/\/www.teatrodelbicentenariosanjuan.org\/en\/wp-json\/wp\/v2\/media?parent=26792"}],"wp:term":[{"taxonomy":"category","embeddable":true,"href":"https:\/\/www.teatrodelbicentenariosanjuan.org\/en\/wp-json\/wp\/v2\/categories?post=26792"},{"taxonomy":"post_tag","embeddable":true,"href":"https:\/\/www.teatrodelbicentenariosanjuan.org\/en\/wp-json\/wp\/v2\/tags?post=26792"}],"curies":[{"name":"wp","href":"https:\/\/api.w.org\/{rel}","templated":true}]}}