{"id":26830,"date":"2025-07-25T14:53:20","date_gmt":"2025-07-25T17:53:20","guid":{"rendered":"https:\/\/www.teatrodelbicentenariosanjuan.org\/?p=26830"},"modified":"2025-07-25T14:53:21","modified_gmt":"2025-07-25T17:53:21","slug":"tablao-flamenco-llega-al-tb-con-un-espectaculo-internacional-de-baile-y-musica-en-vivo-2","status":"publish","type":"post","link":"https:\/\/www.teatrodelbicentenariosanjuan.org\/en\/novedades\/tablao-flamenco-llega-al-tb-con-un-espectaculo-internacional-de-baile-y-musica-en-vivo-2\/","title":{"rendered":"TABLAO FLAMENCO LLEGA AL TB CON UN ESPECT\u00c1CULO INTERNACIONAL DE BAILE Y M\u00daSICA EN VIVO"},"content":{"rendered":"<p>\u00a0<\/p>\n<p dir=\"ltr\">\u00a0<\/p>\n<p dir=\"ltr\"><em>El domingo 31 de agosto, a las 20:00 hs, la Sala Audit\u00f3rium del Teatro del Bicentenario se enciende con \u201cTablao Flamenco\u201d. Entradas a la venta.<\/em><\/p>\n<p>\u00a0<\/p>\n<p dir=\"ltr\">El Teatro del Bicentenario, dependiente del Ministerio de Turismo, Cultura y Deporte, invita a disfrutar de una propuesta vibrante que re\u00fane a destacados artistas nacionales e internacionales: \u201cTablao Flamenco\u201d. Un espect\u00e1culo que fusiona el cante, la guitarra y el baile flamenco en una experiencia esc\u00e9nica \u00fanica, evocando la esencia m\u00e1s pura de los tradicionales tablaos andaluces.\u00a0<\/p>\n<p dir=\"ltr\">Bajo la direcci\u00f3n de Cuky Maestro y con el apoyo de Instituto de Danzas C\u00e1diz y el impulso de la Asociaci\u00f3n Civil Ciclo Flamenco, el escenario se llenar\u00e1 de arte con la presencia de la Bailaora Cristina Aguilera, acompa\u00f1ada por el cante de la Sevillana Lydia Martin, la voz del gitano Lisandro Aramayo y la guitarra de Diego Lorenzo.<\/p>\n<p dir=\"ltr\">La funci\u00f3n ser\u00e1 el domingo 31 de agosto a las 20:00 hs, en la Sala Audit\u00f3rium del Teatro del Bicentenario. Entrada general: $15.000, con DESCUENTOS EXCLUSIVOS en boleter\u00eda. Entradas a la venta en boleter\u00eda del teatro (lunes a viernes de 9:30 a 14:00 hs y de 16:00 a 20:00 hs, s\u00e1bados de 9:30 a 14:00 hs) o a trav\u00e9s de <a href=\"http:\/\/tuentrada.com\" target=\"_blank\" rel=\"noopener\" data-saferedirecturl=\"https:\/\/www.google.com\/url?q=http:\/\/tuentrada.com&amp;source=gmail&amp;ust=1753552192667000&amp;usg=AOvVaw0q_ia4_VdOo8_bqKKqA7tx\">TuEntrada.com<\/a>.<\/p>\n<p>\u00a0<\/p>\n<p dir=\"ltr\"><strong>SOBRE EL SEMINARIO INTENSIVO DE FLAMENCO<\/strong><\/p>\n<p>\u00a0<\/p>\n<p dir=\"ltr\">Los d\u00edas 30 y 31 de agosto, el Instituto de Danzas C\u00e1diz recibe a esta artista para brindar una formaci\u00f3n Intensiva en baile Flamenco.<\/p>\n<p dir=\"ltr\">La formaci\u00f3n estar\u00e1 destinada a nivel intermedio, avanzado y profesional, donde se otorgaran becas de estudio con la bailaora cristina Aguilera en el estudio La Serena ubicada en Granada \u2013 Espa\u00f1a.; tambi\u00e9n se seleccionan artistas que participan en el Tablao Flamenco Bolivar 852 en Buenos Aires y en Tablaos organizados por la Asociaci\u00f3n Civil Ciclo Flamenco en San Juan, como as\u00ed tambi\u00e9n beca de Formaci\u00f3n con el Bailaor Carlos Riveros, ex bailar\u00edn del Ballet Nacional Andaluz que estar\u00e1 en la ciudad en el mes de Octubre.\u00a0<\/p>\n<p dir=\"ltr\">Los seminarios se llevar\u00e1n a cabo el 30 y 31 de Octubre en el Instituto de Danzas C\u00e1diz (Independencia esq. Estrada -Capital). Para m\u00e1s Informaci\u00f3n: 2644045666.\u00a0<\/p>","protected":false},"excerpt":{"rendered":"<p>\u00a0 \u00a0 El domingo 31 de agosto, a las 20:00 hs, la Sala Audit\u00f3rium del Teatro del Bicentenario se enciende con \u201cTablao Flamenco\u201d. Entradas a la venta. \u00a0 El Teatro del Bicentenario, dependiente del Ministerio de Turismo, Cultura y Deporte, invita a disfrutar de una&#8230;<\/p>","protected":false},"author":4,"featured_media":26831,"comment_status":"closed","ping_status":"closed","sticky":false,"template":"","format":"standard","meta":{"h5ap_radio_sources":[],"footnotes":""},"categories":[99],"tags":[],"class_list":["post-26830","post","type-post","status-publish","format-standard","has-post-thumbnail","hentry","category-novedades"],"_links":{"self":[{"href":"https:\/\/www.teatrodelbicentenariosanjuan.org\/en\/wp-json\/wp\/v2\/posts\/26830","targetHints":{"allow":["GET"]}}],"collection":[{"href":"https:\/\/www.teatrodelbicentenariosanjuan.org\/en\/wp-json\/wp\/v2\/posts"}],"about":[{"href":"https:\/\/www.teatrodelbicentenariosanjuan.org\/en\/wp-json\/wp\/v2\/types\/post"}],"author":[{"embeddable":true,"href":"https:\/\/www.teatrodelbicentenariosanjuan.org\/en\/wp-json\/wp\/v2\/users\/4"}],"replies":[{"embeddable":true,"href":"https:\/\/www.teatrodelbicentenariosanjuan.org\/en\/wp-json\/wp\/v2\/comments?post=26830"}],"version-history":[{"count":1,"href":"https:\/\/www.teatrodelbicentenariosanjuan.org\/en\/wp-json\/wp\/v2\/posts\/26830\/revisions"}],"predecessor-version":[{"id":26832,"href":"https:\/\/www.teatrodelbicentenariosanjuan.org\/en\/wp-json\/wp\/v2\/posts\/26830\/revisions\/26832"}],"wp:featuredmedia":[{"embeddable":true,"href":"https:\/\/www.teatrodelbicentenariosanjuan.org\/en\/wp-json\/wp\/v2\/media\/26831"}],"wp:attachment":[{"href":"https:\/\/www.teatrodelbicentenariosanjuan.org\/en\/wp-json\/wp\/v2\/media?parent=26830"}],"wp:term":[{"taxonomy":"category","embeddable":true,"href":"https:\/\/www.teatrodelbicentenariosanjuan.org\/en\/wp-json\/wp\/v2\/categories?post=26830"},{"taxonomy":"post_tag","embeddable":true,"href":"https:\/\/www.teatrodelbicentenariosanjuan.org\/en\/wp-json\/wp\/v2\/tags?post=26830"}],"curies":[{"name":"wp","href":"https:\/\/api.w.org\/{rel}","templated":true}]}}