{"id":26877,"date":"2025-08-11T10:11:47","date_gmt":"2025-08-11T13:11:47","guid":{"rendered":"https:\/\/www.teatrodelbicentenariosanjuan.org\/?p=26877"},"modified":"2025-08-27T09:45:08","modified_gmt":"2025-08-27T12:45:08","slug":"el-brote-llega-al-teatro-del-bicentenario-un-exito-de-compania-criolla-que-desafia-los-limites-entre-realidad-y-ficcion","status":"publish","type":"post","link":"https:\/\/www.teatrodelbicentenariosanjuan.org\/en\/novedades\/el-brote-llega-al-teatro-del-bicentenario-un-exito-de-compania-criolla-que-desafia-los-limites-entre-realidad-y-ficcion\/","title":{"rendered":"\u00abEL BROTE\u201d LLEGA AL TEATRO DEL BICENTENARIO: UN \u00c9XITO DE COMPA\u00d1\u00cdA CRIOLLA QUE DESAF\u00cdA LOS L\u00cdMITES ENTRE REALIDAD Y FICCI\u00d3N"},"content":{"rendered":"<p style=\"font-weight: 400;\">El s\u00e1bado 6 de septiembre a las 21:30 hs, la Sala Principal del Teatro del Bicentenario recibir\u00e1 El Brote, el exitoso espect\u00e1culo de Compa\u00f1\u00eda Criolla que ha conquistado al p\u00fablico y la cr\u00edtica en Argentina y el exterior. Entradas a la venta.<\/p>\n<p style=\"font-weight: 400;\">El Teatro del Bicentenario de San Juan, organismo dependiente del Ministerio de Turismo, Cultura y Deporte, presenta \u201cEl Brote\u201d, una obra estrenada el 13 de febrero de 2023 en el Teatro del Pueblo de la Ciudad de Buenos Aires,\u00a0 que narra la historia de un actor que comienza a desdibujar las fronteras entre su vida personal y la escena, hasta desconfiar de quien escribe los acontecimientos de su propia existencia. Una pregunta recorre toda la trama: \u00bfQu\u00e9 clase de personaje somos en esta historia?<\/p>\n<p style=\"font-weight: 400;\">Protagonizada por Roberto Peloni, uno de los artistas m\u00e1s destacados de su generaci\u00f3n, reconocido con premios como el Konex de Platino, Hugo de Oro y ATINA, entre otros. Peloni ha brillado en grandes producciones como Shrek, El musical, Sweeney Todd, La Bella y la Bestia, El fantasma de la \u00f3pera y Siglo de Oro Trans, adem\u00e1s de participar en cine y televisi\u00f3n.<\/p>\n<p style=\"font-weight: 400;\">La obra cuenta con la dramaturgia y direcci\u00f3n de Emiliano Dionisi, multipremiado autor y director cuyas creaciones se han presentado en numerosos pa\u00edses de Latinoam\u00e9rica y Espa\u00f1a.<\/p>\n<p style=\"font-weight: 400;\">Compa\u00f1\u00eda Criolla, fundada en 2009, es hoy una de las agrupaciones teatrales m\u00e1s prol\u00edficas y reconocidas de la escena, con t\u00edtulos como Sue\u00f1o, Recuerdos a la hora de la siesta, Los Monstruos y Romeo y Julieta de bolsillo.<\/p>\n<p style=\"font-weight: 400;\">\u00abEl Brote\u00bb ha sido nominada a 4 Premios Trinidad Guevara 2023 (Mejor Actor, Mejor Autor, Mejor Dise\u00f1o de Iluminaci\u00f3n y Mejor Dise\u00f1o de Escenograf\u00eda) y 3 Premios Luisa Vehil 2023 (Mejor Actor, Mejor Autor, Mejor Dise\u00f1o de Iluminaci\u00f3n). Adem\u00e1s, fue declarada Espect\u00e1culo cultural destacado por el Municipio de General Pueyrred\u00f3n.<\/p>\n<p style=\"font-weight: 400;\">Con una historia atrapante, El Brote invita a reflexionar sobre los l\u00edmites entre la realidad y la ficci\u00f3n. Una oportunidad \u00fanica para disfrutar de una de las producciones m\u00e1s aclamadas de la escena nacional.<\/p>\n<p style=\"font-weight: 400;\">La funci\u00f3n se realizar\u00e1 el s\u00e1bado 6 de septiembre a las 21:30 horas, con una duraci\u00f3n de 80 minutos. Las entradas tienen un valor de $30.000 y $35.000, con un 20% de descuento para jubilados y beneficiarios del Ticket Joven, y un 30% de descuento en la Categor\u00eda Roja para sponsors y convenios a trav\u00e9s de un cup\u00f3n disponible en la p\u00e1gina del Teatro.<\/p>\n<p style=\"font-weight: 400;\">Las localidades pueden adquirirse en la boleter\u00eda del Teatro del Bicentenario lunes a viernes de 09.30 a 14 horas y de 16 a 20 horas, y s\u00e1bados de 09.30 a 14 horas, o bien a trav\u00e9s de\u00a0<a href=\"http:\/\/tuentrada.com\/\" data-saferedirecturl=\"https:\/\/www.google.com\/url?q=http:\/\/tuentrada.com&amp;source=gmail&amp;ust=1755004075160000&amp;usg=AOvVaw23_LsrzFM9SC1FqgTF7q2x\">tuentrada.com<\/a><\/p>","protected":false},"excerpt":{"rendered":"<p>El s\u00e1bado 6 de septiembre a las 21:30 hs, la Sala Principal del Teatro del Bicentenario recibir\u00e1 El Brote, el exitoso espect\u00e1culo de Compa\u00f1\u00eda Criolla que ha conquistado al p\u00fablico y la cr\u00edtica en Argentina y el exterior. Entradas a la venta. El Teatro del&#8230;<\/p>","protected":false},"author":20,"featured_media":26880,"comment_status":"closed","ping_status":"closed","sticky":false,"template":"","format":"standard","meta":{"h5ap_radio_sources":[],"footnotes":""},"categories":[99],"tags":[],"class_list":["post-26877","post","type-post","status-publish","format-standard","has-post-thumbnail","hentry","category-novedades"],"_links":{"self":[{"href":"https:\/\/www.teatrodelbicentenariosanjuan.org\/en\/wp-json\/wp\/v2\/posts\/26877","targetHints":{"allow":["GET"]}}],"collection":[{"href":"https:\/\/www.teatrodelbicentenariosanjuan.org\/en\/wp-json\/wp\/v2\/posts"}],"about":[{"href":"https:\/\/www.teatrodelbicentenariosanjuan.org\/en\/wp-json\/wp\/v2\/types\/post"}],"author":[{"embeddable":true,"href":"https:\/\/www.teatrodelbicentenariosanjuan.org\/en\/wp-json\/wp\/v2\/users\/20"}],"replies":[{"embeddable":true,"href":"https:\/\/www.teatrodelbicentenariosanjuan.org\/en\/wp-json\/wp\/v2\/comments?post=26877"}],"version-history":[{"count":2,"href":"https:\/\/www.teatrodelbicentenariosanjuan.org\/en\/wp-json\/wp\/v2\/posts\/26877\/revisions"}],"predecessor-version":[{"id":26964,"href":"https:\/\/www.teatrodelbicentenariosanjuan.org\/en\/wp-json\/wp\/v2\/posts\/26877\/revisions\/26964"}],"wp:featuredmedia":[{"embeddable":true,"href":"https:\/\/www.teatrodelbicentenariosanjuan.org\/en\/wp-json\/wp\/v2\/media\/26880"}],"wp:attachment":[{"href":"https:\/\/www.teatrodelbicentenariosanjuan.org\/en\/wp-json\/wp\/v2\/media?parent=26877"}],"wp:term":[{"taxonomy":"category","embeddable":true,"href":"https:\/\/www.teatrodelbicentenariosanjuan.org\/en\/wp-json\/wp\/v2\/categories?post=26877"},{"taxonomy":"post_tag","embeddable":true,"href":"https:\/\/www.teatrodelbicentenariosanjuan.org\/en\/wp-json\/wp\/v2\/tags?post=26877"}],"curies":[{"name":"wp","href":"https:\/\/api.w.org\/{rel}","templated":true}]}}