{"id":26980,"date":"2025-09-01T11:54:15","date_gmt":"2025-09-01T14:54:15","guid":{"rendered":"https:\/\/www.teatrodelbicentenariosanjuan.org\/?p=26980"},"modified":"2025-09-01T14:09:47","modified_gmt":"2025-09-01T17:09:47","slug":"el-teatro-del-bicentenario-presenta-festival-de-cuyo-contemporaneo-homenaje-a-stockhausen","status":"publish","type":"post","link":"https:\/\/www.teatrodelbicentenariosanjuan.org\/en\/novedades\/el-teatro-del-bicentenario-presenta-festival-de-cuyo-contemporaneo-homenaje-a-stockhausen\/","title":{"rendered":"EL TEATRO DEL BICENTENARIO PRESENTA Festival de Cuyo Contempor\u00e1neo: homenaje a Stockhausen"},"content":{"rendered":"<p><em>El\u00a0<strong>Ministerio de Turismo, Cultura y Deporte<\/strong>, a trav\u00e9s del\u00a0<strong>Teatro del Bicentenario de San Juan<\/strong>, invita a disfrutar de dos funciones excepcionales dedicadas a la obra del legendario compositor alem\u00e1n\u00a0<strong>Karlheinz Stockhausen<\/strong>, interpretadas por destacados artistas internacionales. Los conciertos se llevar\u00e1n a cabo el\u00a0<strong>s\u00e1bado 13 y domingo 14 de septiembre de 2025<\/strong>, ambos en la\u00a0<strong>Sala Principal del Teatro del Bicentenario<\/strong>, y forman parte de la programaci\u00f3n del\u00a0<strong>Festival de Cuyo Contempor\u00e1neo<\/strong>.<\/em><\/p>\n<p style=\"font-weight: 400;\">La primera funci\u00f3n, el\u00a0<strong>s\u00e1bado 13 de septiembre a las 21 hs<\/strong>\u00a0(con charla introductoria a las 20 hs), presentar\u00e1 HARLEKIN, obra de teatro musical para clarinete solo. Tambi\u00e9n se interpretar\u00e1 la pieza electr\u00f3nica\u00a0<em>Kontakte<\/em>\u00a0en formato cuadraf\u00f3nico.<\/p>\n<p style=\"font-weight: 400;\">El\u00a0<strong>domingo 14 de septiembre a las 21 hs<\/strong>\u00a0(con charla previa a las 20 hs), se estrenar\u00e1 por primera vez en Latinoam\u00e9rica SUSANI Y EL ESPEJO DE EVA, para corno di bassetto, de la \u00f3pera\u00a0<em>Lunes de Luz<\/em>. El programa incluir\u00e1 tambi\u00e9n\u00a0<em>Tanze Luzefa!<\/em>\u00a0y las obras electr\u00f3nicas\u00a0<em>Gesang der J\u00fcnglinge<\/em>\u00a0y\u00a0<em>Telemusik<\/em>.<\/p>\n<p style=\"font-weight: 400;\">Estas presentaciones estar\u00e1n a cargo de\u00a0<strong>Roberta Gottardi<\/strong>\u00a0(clarinete y corno di bassetto) y\u00a0<strong>Juan Verdaguer<\/strong>\u00a0(direcci\u00f3n de sonido), artistas de trayectoria internacional avalados por la\u00a0<strong>Fundaci\u00f3n Stockhausen<\/strong>\u00a0para la difusi\u00f3n de su obra. Adem\u00e1s, el\u00a0<strong>mi\u00e9rcoles 10 de septiembre a las 16 hs<\/strong>\u00a0en la Sala de Marcaci\u00f3n del TB, se realizar\u00e1 una\u00a0<strong>charla abierta y gratuita<\/strong>\u00a0titulada\u00a0<em>\u201cAVE: M\u00fasica y danza en un nuevo int\u00e9rprete\u201d<\/em>, dirigida a m\u00fasicos, bailarines y p\u00fablico general.<\/p>\n<p>\u00a0<\/p>\n<p><strong>Entradas<br \/><\/strong>\u00a0Las funciones ser\u00e1n el\u00a0<strong>s\u00e1bado 13 y domingo 14 de septiembre a las 21 hs<\/strong>\u00a0en la Sala Principal del Teatro del Bicentenario. Las entradas generales tienen un valor de\u00a0<strong>$7.000<\/strong>\u00a0y pueden adquirirse en la\u00a0<strong>boleter\u00eda del teatro<\/strong>\u00a0(lunes a viernes de 9:30 a 14 y de 16 a 20 hs; s\u00e1bados de 10 a 14 hs) o a trav\u00e9s de\u00a0<strong>TuEntrada.com<\/strong>.<\/p>\n<p>Habr\u00e1\u00a0<strong>descuentos especiales solo en boleter\u00eda del teatro<\/strong>:<\/p>\n<ul>\n<li><strong>20%<\/strong>\u00a0para jubilados.<br \/><br \/><br \/><\/li>\n<li><strong>20%<\/strong>\u00a0Ticket Joven.<br \/><br \/><br \/><\/li>\n<li><strong>20%<\/strong>\u00a0Ticket Ya.<br \/><br \/><br \/><\/li>\n<li><strong>50%<\/strong>\u00a0para quienes adquieran entradas para\u00a0<strong>ambas funciones<\/strong>.<\/li>\n<\/ul>","protected":false},"excerpt":{"rendered":"<p>El\u00a0Ministerio de Turismo, Cultura y Deporte, a trav\u00e9s del\u00a0Teatro del Bicentenario de San Juan, invita a disfrutar de dos funciones excepcionales dedicadas a la obra del legendario compositor alem\u00e1n\u00a0Karlheinz Stockhausen, interpretadas por destacados artistas internacionales. Los conciertos se llevar\u00e1n a cabo el\u00a0s\u00e1bado 13 y domingo&#8230;<\/p>","protected":false},"author":22,"featured_media":26981,"comment_status":"closed","ping_status":"closed","sticky":false,"template":"","format":"standard","meta":{"h5ap_radio_sources":[],"footnotes":""},"categories":[99],"tags":[],"class_list":["post-26980","post","type-post","status-publish","format-standard","has-post-thumbnail","hentry","category-novedades"],"_links":{"self":[{"href":"https:\/\/www.teatrodelbicentenariosanjuan.org\/en\/wp-json\/wp\/v2\/posts\/26980","targetHints":{"allow":["GET"]}}],"collection":[{"href":"https:\/\/www.teatrodelbicentenariosanjuan.org\/en\/wp-json\/wp\/v2\/posts"}],"about":[{"href":"https:\/\/www.teatrodelbicentenariosanjuan.org\/en\/wp-json\/wp\/v2\/types\/post"}],"author":[{"embeddable":true,"href":"https:\/\/www.teatrodelbicentenariosanjuan.org\/en\/wp-json\/wp\/v2\/users\/22"}],"replies":[{"embeddable":true,"href":"https:\/\/www.teatrodelbicentenariosanjuan.org\/en\/wp-json\/wp\/v2\/comments?post=26980"}],"version-history":[{"count":2,"href":"https:\/\/www.teatrodelbicentenariosanjuan.org\/en\/wp-json\/wp\/v2\/posts\/26980\/revisions"}],"predecessor-version":[{"id":26992,"href":"https:\/\/www.teatrodelbicentenariosanjuan.org\/en\/wp-json\/wp\/v2\/posts\/26980\/revisions\/26992"}],"wp:featuredmedia":[{"embeddable":true,"href":"https:\/\/www.teatrodelbicentenariosanjuan.org\/en\/wp-json\/wp\/v2\/media\/26981"}],"wp:attachment":[{"href":"https:\/\/www.teatrodelbicentenariosanjuan.org\/en\/wp-json\/wp\/v2\/media?parent=26980"}],"wp:term":[{"taxonomy":"category","embeddable":true,"href":"https:\/\/www.teatrodelbicentenariosanjuan.org\/en\/wp-json\/wp\/v2\/categories?post=26980"},{"taxonomy":"post_tag","embeddable":true,"href":"https:\/\/www.teatrodelbicentenariosanjuan.org\/en\/wp-json\/wp\/v2\/tags?post=26980"}],"curies":[{"name":"wp","href":"https:\/\/api.w.org\/{rel}","templated":true}]}}