{"id":27029,"date":"2025-09-05T15:01:11","date_gmt":"2025-09-05T18:01:11","guid":{"rendered":"https:\/\/www.teatrodelbicentenariosanjuan.org\/?p=27029"},"modified":"2025-09-05T15:01:12","modified_gmt":"2025-09-05T18:01:12","slug":"el-teatro-del-bicentenario-presenta-musica-y-danza-un-nuevo-interprete-una-charla-abierta-sobre-el-teatro-musical-de-stockhausen","status":"publish","type":"post","link":"https:\/\/www.teatrodelbicentenariosanjuan.org\/en\/novedades\/el-teatro-del-bicentenario-presenta-musica-y-danza-un-nuevo-interprete-una-charla-abierta-sobre-el-teatro-musical-de-stockhausen\/","title":{"rendered":"EL TEATRO DEL BICENTENARIO PRESENTA \u201cM\u00daSICA Y DANZA: UN NUEVO INT\u00c9RPRETE\u201d, UNA CHARLA ABIERTA SOBRE EL TEATRO MUSICAL\u00a0 DE STOCKHAUSEN"},"content":{"rendered":"<p dir=\"ltr\">\u00a0<\/p>\n<p dir=\"ltr\">El\u00a0Ministerio de Turismo, Cultura y Deporte, a trav\u00e9s del\u00a0Teatro del Bicentenario de San Juan, invita a participar de\u00a0\u201cM\u00fasica y danza: un nuevo int\u00e9rprete\u201d, una charla abierta con ejemplos musicales y coreogr\u00e1ficos de las obras de teatro musical de\u00a0Karlheinz Stockhausen, a cargo de la clarinetista italiana<b>\u00a0Roberta Gottardi<\/b>. La actividad se realizar\u00e1 el\u00a0mi\u00e9rcoles\u00a010 de septiembre a las 16 hs, con una duraci\u00f3n aproximada de 1 hora 30 minutos, en la sala de marcaci\u00f3n del teatro. La entrada ser\u00e1\u00a0gratuita\u00a0y los cupos estar\u00e1n sujetos a la\u00a0capacidad de la sala, cupos limitados.<\/p>\n<p dir=\"ltr\">La propuesta est\u00e1 dirigida a\u00a0bailarines y m\u00fasicos, tanto profesionales como amateurs, as\u00ed como docentes y estudiantes de todas las disciplinas relacionadas con la m\u00fasica y la danza.<\/p>\n<p dir=\"ltr\"><strong>SOBRE LAS OBRAS<\/strong><\/p>\n<p dir=\"ltr\">La clarinetista Roberta Gottardi abordar\u00e1 la relaci\u00f3n entre la escritura musical y su traslaci\u00f3n al movimiento corporal y coreogr\u00e1fico de\u00a0 dos obras fundamentales: HARLEKIN\u00a0y AVE. En HARLEKIN, el instrumentista encarna el personaje tradicional de la \u00abcomedia dell&#8217;arte\u00bb desarrollando, a lo largo de la obra, una serie de siete caracteres a trav\u00e9s de una coreograf\u00eda y movimiento corporal los cuales est\u00e1n estrechamente ligados a la escritura musical.\u00a0<\/p>\n<p dir=\"ltr\">La obra AVE,\u00a0pertenece al tercer acto (La magia de Eva) de la \u00f3pera\u00a0Lunes de Luz. Esta pieza integra el monumental ciclo de\u00a0siete \u00f3peras\u00a0denominado\u00a0Luz, en el que cada jornada est\u00e1 dedicada a un d\u00eda de la semana y cuyos protagonistas \u2013Michael, Eva y Lucifer\u2013 son, al mismo tiempo, cantantes, instrumentistas y bailarines\/mimos.<\/p>\n<p dir=\"ltr\">En\u00a0Lunes de Luz, Eva representa el\u00a0esp\u00edritu femenino, la intuici\u00f3n y el nacimiento\/renacimiento de la humanidad. En\u00a0AVE, dos personajes femeninos se reconocen y dialogan a trav\u00e9s de sus instrumentos: se enfrentan, se buscan y finalmente se unen en una armon\u00eda perfecta de m\u00fasica y movimiento.<\/p>\n<p dir=\"ltr\"><strong>UNA EXPERIENCIA INTEGRAL<\/strong><\/p>\n<p dir=\"ltr\">Durante esta charla, la int\u00e9rprete realizar\u00e1\u00a0ejemplos musicales y coreogr\u00e1ficos en vivo, revelando la relaci\u00f3n profunda entre sonido, gesto y expresi\u00f3n esc\u00e9nica, y brindando a los asistentes una experiencia enriquecedora sobre la obra de uno de los compositores m\u00e1s influyentes del siglo XX.<\/p>","protected":false},"excerpt":{"rendered":"<p>\u00a0 El\u00a0Ministerio de Turismo, Cultura y Deporte, a trav\u00e9s del\u00a0Teatro del Bicentenario de San Juan, invita a participar de\u00a0\u201cM\u00fasica y danza: un nuevo int\u00e9rprete\u201d, una charla abierta con ejemplos musicales y coreogr\u00e1ficos de las obras de teatro musical de\u00a0Karlheinz Stockhausen, a cargo de la clarinetista&#8230;<\/p>","protected":false},"author":20,"featured_media":27030,"comment_status":"closed","ping_status":"closed","sticky":false,"template":"","format":"standard","meta":{"h5ap_radio_sources":[],"footnotes":""},"categories":[99],"tags":[],"class_list":["post-27029","post","type-post","status-publish","format-standard","has-post-thumbnail","hentry","category-novedades"],"_links":{"self":[{"href":"https:\/\/www.teatrodelbicentenariosanjuan.org\/en\/wp-json\/wp\/v2\/posts\/27029","targetHints":{"allow":["GET"]}}],"collection":[{"href":"https:\/\/www.teatrodelbicentenariosanjuan.org\/en\/wp-json\/wp\/v2\/posts"}],"about":[{"href":"https:\/\/www.teatrodelbicentenariosanjuan.org\/en\/wp-json\/wp\/v2\/types\/post"}],"author":[{"embeddable":true,"href":"https:\/\/www.teatrodelbicentenariosanjuan.org\/en\/wp-json\/wp\/v2\/users\/20"}],"replies":[{"embeddable":true,"href":"https:\/\/www.teatrodelbicentenariosanjuan.org\/en\/wp-json\/wp\/v2\/comments?post=27029"}],"version-history":[{"count":1,"href":"https:\/\/www.teatrodelbicentenariosanjuan.org\/en\/wp-json\/wp\/v2\/posts\/27029\/revisions"}],"predecessor-version":[{"id":27031,"href":"https:\/\/www.teatrodelbicentenariosanjuan.org\/en\/wp-json\/wp\/v2\/posts\/27029\/revisions\/27031"}],"wp:featuredmedia":[{"embeddable":true,"href":"https:\/\/www.teatrodelbicentenariosanjuan.org\/en\/wp-json\/wp\/v2\/media\/27030"}],"wp:attachment":[{"href":"https:\/\/www.teatrodelbicentenariosanjuan.org\/en\/wp-json\/wp\/v2\/media?parent=27029"}],"wp:term":[{"taxonomy":"category","embeddable":true,"href":"https:\/\/www.teatrodelbicentenariosanjuan.org\/en\/wp-json\/wp\/v2\/categories?post=27029"},{"taxonomy":"post_tag","embeddable":true,"href":"https:\/\/www.teatrodelbicentenariosanjuan.org\/en\/wp-json\/wp\/v2\/tags?post=27029"}],"curies":[{"name":"wp","href":"https:\/\/api.w.org\/{rel}","templated":true}]}}