{"id":27033,"date":"2025-09-09T10:06:32","date_gmt":"2025-09-09T13:06:32","guid":{"rendered":"https:\/\/www.teatrodelbicentenariosanjuan.org\/?p=27033"},"modified":"2025-09-09T10:06:34","modified_gmt":"2025-09-09T13:06:34","slug":"veronica-cangemi-brindo-una-master-class-a-jovenes-cantantes-en-el-teatro-del-bicentenario","status":"publish","type":"post","link":"https:\/\/www.teatrodelbicentenariosanjuan.org\/en\/novedades\/veronica-cangemi-brindo-una-master-class-a-jovenes-cantantes-en-el-teatro-del-bicentenario\/","title":{"rendered":"Ver\u00f3nica Cangemi brind\u00f3 una master class a j\u00f3venes cantantes en el Teatro del Bicentenario"},"content":{"rendered":"<p><em>Una experiencia formativa \u00fanica que conecta a j\u00f3venes talentos con la excelencia internacional del canto l\u00edrico.<\/em><br \/><br \/>El Teatro del Bicentenario de San Juan, organismo dependiente del Ministerio de Turismo, Cultura y Deporte, fue escenario de una experiencia formativa de alto nivel: la masterclass dictada por la reconocida soprano internacional Ver\u00f3nica Cangemi, directora art\u00edstica del Programa \u00d3pera Training del Teatro del Bicentenario.<\/p>\n<p>La actividad tuvo lugar en la Sala de Orquesta del teatro, y convoc\u00f3 a m\u00e1s de 15 alumnos provenientes de distintos puntos de la provincia, as\u00ed como tambi\u00e9n alumnos de Mendoza. Dirigida especialmente a cantantes l\u00edricos en formaci\u00f3n y estudiantes avanzados, la masterclass se centr\u00f3 en un proceso personalizado e intensivo, donde cada participante trabaj\u00f3 de forma individual con Cangemi.<\/p>\n<p>A lo largo de la jornada, la soprano abord\u00f3 aspectos t\u00e9cnicos de la voz, proyecci\u00f3n, interpretaci\u00f3n esc\u00e9nica y estilo, brindando herramientas concretas y consejos fruto de su vasta trayectoria en los principales teatros del mundo. La propuesta se destac\u00f3 por su enfoque cercano, que permiti\u00f3 a los asistentes perfeccionar sus habilidades y profundizar en su identidad art\u00edstica.<\/p>\n<p>Esta masterclass se suma a las acciones que el Teatro del Bicentenario desarrolla para potenciar el crecimiento art\u00edstico de int\u00e9rpretes locales, a trav\u00e9s del contacto directo con referentes de trayectoria global.<\/p>","protected":false},"excerpt":{"rendered":"<p>Una experiencia formativa \u00fanica que conecta a j\u00f3venes talentos con la excelencia internacional del canto l\u00edrico. El Teatro del Bicentenario de San Juan, organismo dependiente del Ministerio de Turismo, Cultura y Deporte, fue escenario de una experiencia formativa de alto nivel: la masterclass dictada por&#8230;<\/p>","protected":false},"author":20,"featured_media":27034,"comment_status":"closed","ping_status":"closed","sticky":false,"template":"","format":"standard","meta":{"h5ap_radio_sources":[],"footnotes":""},"categories":[99],"tags":[],"class_list":["post-27033","post","type-post","status-publish","format-standard","has-post-thumbnail","hentry","category-novedades"],"_links":{"self":[{"href":"https:\/\/www.teatrodelbicentenariosanjuan.org\/en\/wp-json\/wp\/v2\/posts\/27033","targetHints":{"allow":["GET"]}}],"collection":[{"href":"https:\/\/www.teatrodelbicentenariosanjuan.org\/en\/wp-json\/wp\/v2\/posts"}],"about":[{"href":"https:\/\/www.teatrodelbicentenariosanjuan.org\/en\/wp-json\/wp\/v2\/types\/post"}],"author":[{"embeddable":true,"href":"https:\/\/www.teatrodelbicentenariosanjuan.org\/en\/wp-json\/wp\/v2\/users\/20"}],"replies":[{"embeddable":true,"href":"https:\/\/www.teatrodelbicentenariosanjuan.org\/en\/wp-json\/wp\/v2\/comments?post=27033"}],"version-history":[{"count":1,"href":"https:\/\/www.teatrodelbicentenariosanjuan.org\/en\/wp-json\/wp\/v2\/posts\/27033\/revisions"}],"predecessor-version":[{"id":27035,"href":"https:\/\/www.teatrodelbicentenariosanjuan.org\/en\/wp-json\/wp\/v2\/posts\/27033\/revisions\/27035"}],"wp:featuredmedia":[{"embeddable":true,"href":"https:\/\/www.teatrodelbicentenariosanjuan.org\/en\/wp-json\/wp\/v2\/media\/27034"}],"wp:attachment":[{"href":"https:\/\/www.teatrodelbicentenariosanjuan.org\/en\/wp-json\/wp\/v2\/media?parent=27033"}],"wp:term":[{"taxonomy":"category","embeddable":true,"href":"https:\/\/www.teatrodelbicentenariosanjuan.org\/en\/wp-json\/wp\/v2\/categories?post=27033"},{"taxonomy":"post_tag","embeddable":true,"href":"https:\/\/www.teatrodelbicentenariosanjuan.org\/en\/wp-json\/wp\/v2\/tags?post=27033"}],"curies":[{"name":"wp","href":"https:\/\/api.w.org\/{rel}","templated":true}]}}