{"id":27079,"date":"2025-09-19T11:21:37","date_gmt":"2025-09-19T14:21:37","guid":{"rendered":"https:\/\/www.teatrodelbicentenariosanjuan.org\/?p=27079"},"modified":"2025-10-27T14:01:57","modified_gmt":"2025-10-27T17:01:57","slug":"pagliacci-en-el-teatro-del-bicentenario-una-gran-produccion-sanjuanina-con-proyeccion-internacional-celebra-los-9-anos-del-tb","status":"publish","type":"post","link":"https:\/\/www.teatrodelbicentenariosanjuan.org\/en\/novedades\/pagliacci-en-el-teatro-del-bicentenario-una-gran-produccion-sanjuanina-con-proyeccion-internacional-celebra-los-9-anos-del-tb\/","title":{"rendered":"\u201cPagliacci\u201d en el Teatro del Bicentenario: una gran producci\u00f3n sanjuanina con proyecci\u00f3n internacional celebra los 9 a\u00f1os del TB"},"content":{"rendered":"<p>En el marco de su noveno aniversario, el Teatro del Bicentenario de San Juan, dependiente del Ministerio de Turismo, Cultura y Deporte, presenta \u201c<strong>Pagliacci\u201d,<\/strong> de Ruggero Leoncavallo, <strong>una producci\u00f3n in\u00e9dita de gran envergadura<\/strong> que se proyecta como un verdadero hito para la l\u00edrica en San Juan, Argentina y la regi\u00f3n.<\/p>\n<p>Dirigida esc\u00e9nicamente por el reconocido maestro <strong>Eugenio Zanetti<\/strong> \u2014ganador del Premio Oscar y referente internacional en el mundo de la \u00f3pera y el cine\u2014, esta nueva versi\u00f3n de Pagliacci se ofrecer\u00e1 al p\u00fablico los d\u00edas <strong>26, 28 y 29 de noviembre, a las 21:30h<\/strong>, en la Sala Principal del Teatro.<\/p>\n<p>La puesta reunir\u00e1 en escena a figuras de prestigio internacional como el tenor \u00edtalo-suizo <strong>Roberto Sacc\u00e0,<\/strong>\u00a0 la soprano <strong>Ver\u00f3nica Cangemi <\/strong>y el bar\u00edtono italiano <strong>Mario Cassi<\/strong>, acompa\u00f1ados por <strong>Hern\u00e1n Iturralde<\/strong>, <strong>Joaqu\u00edn Cangemi<\/strong>,\u00a0 la <strong>Orquesta Sinf\u00f3nica de la UNSJ<\/strong>, el<strong> Coro Universitario de la FFHyA de la UNSJ<\/strong> bajo la direcci\u00f3n de <strong>Jorge Romero<\/strong> y el Coro de Ni\u00f1os y J\u00f3venes de la UNSJ dirigido por <strong>Jorge Fuentes<\/strong>, consolidando un elenco de primer nivel. Todo ello, bajo la batuta del maestro <strong>Marcelo Ayub<\/strong>.<\/p>\n<p>Esta <strong>producci\u00f3n propia<\/strong> incluir\u00e1 desarrollos originales en escenograf\u00eda, vestuario y utiler\u00eda, realizados \u00edntegramente por los equipos t\u00e9cnicos del Teatro del Bicentenario. La propuesta reafirma el compromiso institucional con la creaci\u00f3n art\u00edstica de excelencia y el fortalecimiento del talento local.\u00a0 Con una escenograf\u00eda audiovisual impactante, su dise\u00f1o visual ha sido concebido para potenciar la fuerza dram\u00e1tica de una de las \u00f3peras m\u00e1s emblem\u00e1ticas del Verismo italiano.<\/p>\n<p>Pagliacci despliega drama, pasi\u00f3n e intensidad musical para narrar una historia de celos, traici\u00f3n y tragedia, explorando las emociones humanas en su estado m\u00e1s visceral. Esta producci\u00f3n representa mucho m\u00e1s que un estreno: es una celebraci\u00f3n del trabajo art\u00edstico y t\u00e9cnico desarrollado en San Juan, una muestra del crecimiento del Teatro del Bicentenario <strong>como teatro-f\u00e1brica y usina de creaci\u00f3n esc\u00e9nica superadora<\/strong>, invitando al p\u00fablico a vivir una experiencia l\u00edrica inolvidable con un t\u00edtulo que mantiene su vigencia dentro del repertorio l\u00edrico universal.<\/p>\n<p>La gran producci\u00f3n que cerrar\u00e1 la temporada l\u00edrica del teatro cuenta con alianzas estrat\u00e9gicas que potencian un c\u00edrculo virtuoso en continuo crecimiento: el Programa de Grandes Aliados del TB, con Veladero, Banco San Juan y Fundaci\u00f3n del Banco San Juan, el Programa de Sponsors y la colaboraci\u00f3n y apoyo continuo del Consulado General de Italia en Mendoza en la figura del C\u00f3nsul General Giuseppe D&#8217;Agosto.<\/p>\n<p><strong>Preventa exclusiva<\/strong><\/p>\n<p>El Teatro del Bicentenario lanza una preventa especial a con un <strong>20% de descuento<\/strong> en ubicaciones preferenciales (categor\u00eda roja), tanto en boleter\u00eda como online, utilizando el <strong>c\u00f3digo promocional: PAGLIACCI20<\/strong>. La promoci\u00f3n estar\u00e1 vigente desde el <strong>22 de septiembre y hasta el 31 de octubre inclusive.<\/strong><\/p>\n<p>Adem\u00e1s, j\u00f3venes y jubilados podr\u00e1n acceder a un descuento del 20% (s\u00f3lo en boleter\u00eda) en diferentes ubicaciones.<\/p>\n<p>Los tickets \u2014con valores de <strong>$55.000, $50.000, $45.000, $35.000 y $30.000 <\/strong>\u2014 estar\u00e1n disponibles a partir del 22 de septiembre en:<\/p>\n<ul>\n<li>Boleter\u00eda del Teatro: lunes a viernes de 9:30 a 14 h y de 16 a 20 h; s\u00e1bados de 9:30 a 14 h y dos horas antes de cada funci\u00f3n.<\/li>\n<\/ul>","protected":false},"excerpt":{"rendered":"<p>En el marco de su noveno aniversario, el Teatro del Bicentenario de San Juan, dependiente del Ministerio de Turismo, Cultura y Deporte, presenta \u201cPagliacci\u201d, de Ruggero Leoncavallo, una producci\u00f3n in\u00e9dita de gran envergadura que se proyecta como un verdadero hito para la l\u00edrica en San&#8230;<\/p>","protected":false},"author":20,"featured_media":27085,"comment_status":"closed","ping_status":"closed","sticky":false,"template":"","format":"standard","meta":{"h5ap_radio_sources":[],"footnotes":""},"categories":[180,99],"tags":[],"class_list":["post-27079","post","type-post","status-publish","format-standard","has-post-thumbnail","hentry","category-destacado","category-novedades"],"_links":{"self":[{"href":"https:\/\/www.teatrodelbicentenariosanjuan.org\/en\/wp-json\/wp\/v2\/posts\/27079","targetHints":{"allow":["GET"]}}],"collection":[{"href":"https:\/\/www.teatrodelbicentenariosanjuan.org\/en\/wp-json\/wp\/v2\/posts"}],"about":[{"href":"https:\/\/www.teatrodelbicentenariosanjuan.org\/en\/wp-json\/wp\/v2\/types\/post"}],"author":[{"embeddable":true,"href":"https:\/\/www.teatrodelbicentenariosanjuan.org\/en\/wp-json\/wp\/v2\/users\/20"}],"replies":[{"embeddable":true,"href":"https:\/\/www.teatrodelbicentenariosanjuan.org\/en\/wp-json\/wp\/v2\/comments?post=27079"}],"version-history":[{"count":2,"href":"https:\/\/www.teatrodelbicentenariosanjuan.org\/en\/wp-json\/wp\/v2\/posts\/27079\/revisions"}],"predecessor-version":[{"id":27308,"href":"https:\/\/www.teatrodelbicentenariosanjuan.org\/en\/wp-json\/wp\/v2\/posts\/27079\/revisions\/27308"}],"wp:featuredmedia":[{"embeddable":true,"href":"https:\/\/www.teatrodelbicentenariosanjuan.org\/en\/wp-json\/wp\/v2\/media\/27085"}],"wp:attachment":[{"href":"https:\/\/www.teatrodelbicentenariosanjuan.org\/en\/wp-json\/wp\/v2\/media?parent=27079"}],"wp:term":[{"taxonomy":"category","embeddable":true,"href":"https:\/\/www.teatrodelbicentenariosanjuan.org\/en\/wp-json\/wp\/v2\/categories?post=27079"},{"taxonomy":"post_tag","embeddable":true,"href":"https:\/\/www.teatrodelbicentenariosanjuan.org\/en\/wp-json\/wp\/v2\/tags?post=27079"}],"curies":[{"name":"wp","href":"https:\/\/api.w.org\/{rel}","templated":true}]}}