{"id":27206,"date":"2025-09-30T10:21:19","date_gmt":"2025-09-30T13:21:19","guid":{"rendered":"https:\/\/www.teatrodelbicentenariosanjuan.org\/?p=27206"},"modified":"2025-09-30T10:21:21","modified_gmt":"2025-09-30T13:21:21","slug":"dos-figuras-del-espectaculo-llegan-al-tb-en-un-encuentro-que-lo-cambia-todo-ines-estevez-y-german-palacios-llegan-al-teatro-del-bicentenario-con-el-hombre-inesperado","status":"publish","type":"post","link":"https:\/\/www.teatrodelbicentenariosanjuan.org\/en\/novedades\/dos-figuras-del-espectaculo-llegan-al-tb-en-un-encuentro-que-lo-cambia-todo-ines-estevez-y-german-palacios-llegan-al-teatro-del-bicentenario-con-el-hombre-inesperado\/","title":{"rendered":"Dos figuras del espect\u00e1culo llegan al TB en un encuentro que lo cambia todo: In\u00e9s Est\u00e9vez y Germ\u00e1n Palacios llegan al Teatro del Bicentenario con \u201cEl Hombre Inesperado\u201d"},"content":{"rendered":"<p>\u00a0<\/p>\n<p>El Ministerio de Turismo, Cultura y Deporte, a trav\u00e9s del Teatro del Bicentenario, presenta \u201cEl Hombre Inesperado\u201d, una obra de Yasmina Reza protagonizada y dirigida por dos figuras destacadas del teatro y la televisi\u00f3n argentina: Germ\u00e1n Palacios e In\u00e9s Est\u00e9vez.<\/p>\n<p>La funci\u00f3n se realizar\u00e1 el domingo 5 de octubre, a las 20 h, \u00a0en la Sala Audit\u00f3rium del Teatro del Bicentenario.<\/p>\n<p>La trama gira en torno a dos desconocidos que coinciden en un vag\u00f3n de tren. Lo que parece ser un encuentro fortuito se transforma en una experiencia cargada de poes\u00eda, humor e inteligencia, con giros inesperados que despiertan preguntas sobre el azar, el destino y las decisiones que pueden cambiarlo todo.<\/p>\n<p>Con un gui\u00f3n de suspenso y giros sorprendentes, la obra invita al espectador a decidir cu\u00e1nto de lo que sucede responde al azar y cu\u00e1nto al destino.<br \/><br \/><strong>Ficha art\u00edstica<\/strong><\/p>\n<p>Elenco y direcci\u00f3n: Germ\u00e1n Palacios e In\u00e9s Est\u00e9vez<br \/>Vestuario: Romina Giangreco<br \/>Escenograf\u00eda: Ariel Vaccaro<br \/>Dise\u00f1o de iluminaci\u00f3n: Ricardo Sica<br \/>Dise\u00f1o sonoro y m\u00fasica original: Francisco Sicilia<br \/>Traducci\u00f3n: Gonzalo Garc\u00e9s<br \/><br \/><strong>El hombre inesperado se presentar\u00e1 el domingo 5 de octubre, a las 20 hs, en la Sala Audit\u00f3rium del Teatro del Bicentenario. Las entradas tienen un valor de $35.000 , con descuentos exclusivos \u00a0para jubilados del 15%, ticket Ya del 15% y ticket joven del 15%. Estos descuentos \u00a0son exclusivos solo en boleter\u00eda del Teatro del Bicentenario, con Cupo limitado<\/strong><br \/><br \/><strong>Los tickets \u00a0se encuentran disponibles en boleter\u00eda del Teatro del Bicentenario de lunes a viernes de 9:30 a 14 h y de 16 a 20 h, s\u00e1bados de 9:30 a 14 h; \u00a0y el d\u00eda domingo 5, 2hs. antes \u00a0de la funci\u00f3n . Tambi\u00e9n pueden adquirirse online a trav\u00e9s de Tuentrada.com<\/strong><\/p>","protected":false},"excerpt":{"rendered":"<p>\u00a0 El Ministerio de Turismo, Cultura y Deporte, a trav\u00e9s del Teatro del Bicentenario, presenta \u201cEl Hombre Inesperado\u201d, una obra de Yasmina Reza protagonizada y dirigida por dos figuras destacadas del teatro y la televisi\u00f3n argentina: Germ\u00e1n Palacios e In\u00e9s Est\u00e9vez. La funci\u00f3n se realizar\u00e1&#8230;<\/p>","protected":false},"author":22,"featured_media":27207,"comment_status":"closed","ping_status":"closed","sticky":false,"template":"","format":"standard","meta":{"h5ap_radio_sources":[],"footnotes":""},"categories":[99],"tags":[],"class_list":["post-27206","post","type-post","status-publish","format-standard","has-post-thumbnail","hentry","category-novedades"],"_links":{"self":[{"href":"https:\/\/www.teatrodelbicentenariosanjuan.org\/en\/wp-json\/wp\/v2\/posts\/27206","targetHints":{"allow":["GET"]}}],"collection":[{"href":"https:\/\/www.teatrodelbicentenariosanjuan.org\/en\/wp-json\/wp\/v2\/posts"}],"about":[{"href":"https:\/\/www.teatrodelbicentenariosanjuan.org\/en\/wp-json\/wp\/v2\/types\/post"}],"author":[{"embeddable":true,"href":"https:\/\/www.teatrodelbicentenariosanjuan.org\/en\/wp-json\/wp\/v2\/users\/22"}],"replies":[{"embeddable":true,"href":"https:\/\/www.teatrodelbicentenariosanjuan.org\/en\/wp-json\/wp\/v2\/comments?post=27206"}],"version-history":[{"count":3,"href":"https:\/\/www.teatrodelbicentenariosanjuan.org\/en\/wp-json\/wp\/v2\/posts\/27206\/revisions"}],"predecessor-version":[{"id":27210,"href":"https:\/\/www.teatrodelbicentenariosanjuan.org\/en\/wp-json\/wp\/v2\/posts\/27206\/revisions\/27210"}],"wp:featuredmedia":[{"embeddable":true,"href":"https:\/\/www.teatrodelbicentenariosanjuan.org\/en\/wp-json\/wp\/v2\/media\/27207"}],"wp:attachment":[{"href":"https:\/\/www.teatrodelbicentenariosanjuan.org\/en\/wp-json\/wp\/v2\/media?parent=27206"}],"wp:term":[{"taxonomy":"category","embeddable":true,"href":"https:\/\/www.teatrodelbicentenariosanjuan.org\/en\/wp-json\/wp\/v2\/categories?post=27206"},{"taxonomy":"post_tag","embeddable":true,"href":"https:\/\/www.teatrodelbicentenariosanjuan.org\/en\/wp-json\/wp\/v2\/tags?post=27206"}],"curies":[{"name":"wp","href":"https:\/\/api.w.org\/{rel}","templated":true}]}}