{"id":27234,"date":"2025-10-02T14:37:58","date_gmt":"2025-10-02T17:37:58","guid":{"rendered":"https:\/\/www.teatrodelbicentenariosanjuan.org\/?p=27234"},"modified":"2025-10-03T10:42:58","modified_gmt":"2025-10-03T13:42:58","slug":"del-violin-al-rock-ave-fenix-te-va-a-sorprender","status":"publish","type":"post","link":"https:\/\/www.teatrodelbicentenariosanjuan.org\/en\/novedades\/del-violin-al-rock-ave-fenix-te-va-a-sorprender\/","title":{"rendered":"Del viol\u00edn al rock: \u201cAve F\u00e9nix\u201d te va a sorprender"},"content":{"rendered":"<p><strong>&nbsp;<em>Una experiencia musical \u00fanica en el Teatro del Bicentenario.<\/em><\/strong><\/p>\n\n\n\n<p dir=\"ltr\"><em>El pr\u00f3ximo domingo 19 de octubre, a las 20 hs, en la Sala Audit\u00f3rium del Teatro del Bicentenario, el cuarteto de cuerdas AVE F\u00c9NIX llega a San Juan con su nuevo espect\u00e1culo: \u201cCuerdas Paralelas\u201d, una propuesta que rompe con todos los estereotipos asociados a los tradicionales instrumentos de cuerdas. Entradas Disponibles.<\/em><\/p>\n<p dir=\"ltr\">Reconocidos por su nivel art\u00edstico internacional, los m\u00fasicos de AVE F\u00c9NIX se caracterizan por traspasar las fronteras del repertorio cl\u00e1sico, llevando el sonido del viol\u00edn, la viola y el violonchelo a universos sonoros inesperados. Bajo la direcci\u00f3n musical de Manuel Wirzt, el grupo se aventura en un recorrido que abarca diversos g\u00e9neros: desde el pop y el rock, hasta la m\u00fasica electr\u00f3nica, los cl\u00e1sicos universales y las grandes bandas sonoras del cine.<\/p>\n<p dir=\"ltr\">Con un estilo innovador, potente y cautivador, \u201cCuerdas Paralelas\u201d propone un di\u00e1logo entre lo acad\u00e9mico y lo popular, resignificando el cuarteto de cuerdas y acercando su sonoridad a p\u00fablicos de todas las edades.<\/p>\n<p dir=\"ltr\">La cita ser\u00e1 una oportunidad \u00fanica para disfrutar en vivo de un espect\u00e1culo que combina virtuosismo, frescura y versatilidad, consolidando a AVE F\u00c9NIX como una de las propuestas m\u00e1s originales de la escena musical argentina.<\/p>\n<p dir=\"ltr\"><strong>Ficha t\u00e9cnica<\/strong><\/p>\n<p dir=\"ltr\">Los integrantes del cuarteto son:<\/p>\n<ul>\n<li dir=\"ltr\">\n<p dir=\"ltr\" role=\"presentation\">Valter Izzo (1er Viol\u00edn).<\/p>\n<\/li>\n<li dir=\"ltr\">\n<p dir=\"ltr\" role=\"presentation\">Javier Kase (2do Viol\u00edn).<\/p>\n<\/li>\n<li dir=\"ltr\">\n<p dir=\"ltr\" role=\"presentation\">Pablo Raffo (Viola y arreglista).<\/p>\n<\/li>\n<li dir=\"ltr\">\n<p dir=\"ltr\" role=\"presentation\">Nicol\u00e1s Mu\u00f1oz (Cello)\u00a0<\/p>\n<\/li>\n<\/ul>\n<p>\u00a0<\/p>\n<p dir=\"ltr\">\u00a0<strong>\u201cAVE FENIX &#8211; Cuerdas paralelas\u201d se presentar\u00e1 el domingo 19 de octubre, a las 20:00 h, en la Sala Audit\u00f3rium del Teatro del Bicentenario. Las entradas tienen un valor de $35.000 CON DESCUENTOS EXCLUSIVOS a JUBILADOS Y TICKET JOVEN 15% con cupo limitado\u00a0 disponibles solo en boleter\u00eda del teatro de lunes a viernes de 09:30 a 14:00 h, y de 16:00 a 20:00 h. y s\u00e1bados de 09:30 a 14:00 h, Tambi\u00e9n puedes adquirir tus entrada a trav\u00e9s de\u00a0<a href=\"http:\/\/tuentrada.com\/\" target=\"_blank\" rel=\"noopener\" data-saferedirecturl=\"https:\/\/www.google.com\/url?q=http:\/\/tuentrada.com&amp;source=gmail&amp;ust=1759512876064000&amp;usg=AOvVaw1LKFDH9GQSS1-qsJZTee3L\">Tuentrada.com<\/a><\/strong><\/p>","protected":false},"excerpt":{"rendered":"<p>&nbsp;Una experiencia musical \u00fanica en el Teatro del Bicentenario. El pr\u00f3ximo domingo 19 de octubre, a las 20 hs, en la Sala Audit\u00f3rium del Teatro del Bicentenario, el cuarteto de cuerdas AVE F\u00c9NIX llega a San Juan con su nuevo espect\u00e1culo: \u201cCuerdas Paralelas\u201d, una propuesta&#8230;<\/p>","protected":false},"author":22,"featured_media":27237,"comment_status":"closed","ping_status":"closed","sticky":false,"template":"","format":"standard","meta":{"h5ap_radio_sources":[],"footnotes":""},"categories":[99],"tags":[],"class_list":["post-27234","post","type-post","status-publish","format-standard","has-post-thumbnail","hentry","category-novedades"],"_links":{"self":[{"href":"https:\/\/www.teatrodelbicentenariosanjuan.org\/en\/wp-json\/wp\/v2\/posts\/27234","targetHints":{"allow":["GET"]}}],"collection":[{"href":"https:\/\/www.teatrodelbicentenariosanjuan.org\/en\/wp-json\/wp\/v2\/posts"}],"about":[{"href":"https:\/\/www.teatrodelbicentenariosanjuan.org\/en\/wp-json\/wp\/v2\/types\/post"}],"author":[{"embeddable":true,"href":"https:\/\/www.teatrodelbicentenariosanjuan.org\/en\/wp-json\/wp\/v2\/users\/22"}],"replies":[{"embeddable":true,"href":"https:\/\/www.teatrodelbicentenariosanjuan.org\/en\/wp-json\/wp\/v2\/comments?post=27234"}],"version-history":[{"count":2,"href":"https:\/\/www.teatrodelbicentenariosanjuan.org\/en\/wp-json\/wp\/v2\/posts\/27234\/revisions"}],"predecessor-version":[{"id":27238,"href":"https:\/\/www.teatrodelbicentenariosanjuan.org\/en\/wp-json\/wp\/v2\/posts\/27234\/revisions\/27238"}],"wp:featuredmedia":[{"embeddable":true,"href":"https:\/\/www.teatrodelbicentenariosanjuan.org\/en\/wp-json\/wp\/v2\/media\/27237"}],"wp:attachment":[{"href":"https:\/\/www.teatrodelbicentenariosanjuan.org\/en\/wp-json\/wp\/v2\/media?parent=27234"}],"wp:term":[{"taxonomy":"category","embeddable":true,"href":"https:\/\/www.teatrodelbicentenariosanjuan.org\/en\/wp-json\/wp\/v2\/categories?post=27234"},{"taxonomy":"post_tag","embeddable":true,"href":"https:\/\/www.teatrodelbicentenariosanjuan.org\/en\/wp-json\/wp\/v2\/tags?post=27234"}],"curies":[{"name":"wp","href":"https:\/\/api.w.org\/{rel}","templated":true}]}}