{"id":27289,"date":"2025-10-21T09:33:57","date_gmt":"2025-10-21T12:33:57","guid":{"rendered":"https:\/\/www.teatrodelbicentenariosanjuan.org\/?p=27289"},"modified":"2025-10-21T09:33:59","modified_gmt":"2025-10-21T12:33:59","slug":"el-teatro-del-bicentenario-cumple-9-anos","status":"publish","type":"post","link":"https:\/\/www.teatrodelbicentenariosanjuan.org\/en\/novedades\/el-teatro-del-bicentenario-cumple-9-anos\/","title":{"rendered":"EL TEATRO DEL BICENTENARIO CUMPLE 9 A\u00d1OS"},"content":{"rendered":"<p>En 2025, el Teatro del Bicentenario vive su novena temporada con una programaci\u00f3n que combina versatilidad y excelencia. Incluye importantes producciones originales y destacados artistas invitados abarcando una amplia gama de g\u00e9neros como \u00f3peras de repertorio tradicional y contempor\u00e1neo, conciertos-espect\u00e1culo, ballet y danza, teatro de prosa y teatro musical, espect\u00e1culos\u00a0 multi y pluridisciplinares y festivales, consolidando al teatro como un polo cultural vibrante que renueva cada temporada la experiencia del p\u00fablico sanjuanino.<\/p>\n<p>Desde su apertura, el Teatro del Bicentenario se erige como un s\u00edmbolo de excelencia y orgullo sanjuanino: una obra de clase mundial donde la arquitectura, la tecnolog\u00eda y la ac\u00fastica dialogan con la emoci\u00f3n. Un valioso equipo de profesionales y expertos se comprometen d\u00eda a d\u00eda\u00a0 para brindar experiencias transformadoras, \u00fanicas e inolvidables. Espacio de encuentro y proyecci\u00f3n, el Teatro del Bicentenario transforma realidades, genera trabajo, inspira vocaciones y acerca el arte desde la accesibilidad, innovaci\u00f3n e integraci\u00f3n. Declarado Patrimonio Cultural de San Juan, es hoy un referente nacional, de clase mundial, y un sello de calidad.<\/p>\n<p>\u00a0<\/p>\n<p><strong>GRANDES T\u00cdTULOS DE LA NOVENA TEMPORADA<\/strong><\/p>\n<p>La Sala Principal vivi\u00f3 una temporada diversa, con espect\u00e1culos para todos los gustos. Entre los t\u00edtulos destacados, se presentan:<\/p>\n<p>ALA: Elegia in tre atti \u2013 Roberta Di Mario<\/p>\n<p>Rovira 100 \u2013 SONICO<\/p>\n<p>Tributo a Queen \u2013 Dios Salve a la Reina<\/p>\n<p>Gala Patria 2025 \u2013 Teatro del Bicentenario \/ Conmemoraci\u00f3n del aniversario de la Revoluci\u00f3n de Mayo<\/p>\n<p>Volar es humano, aterrizar es divino \u2013 Enrique Pi\u00f1eyro<\/p>\n<p>Hilda canta Charly \u2013 Hilda Lizarazu<\/p>\n<p>Pinocchio- Estreno Mundial<\/p>\n<p>Rockas Vivas \u2013 Miguel Mateos<\/p>\n<p>20 a\u00f1os de carrera solista \u2013 Jorge Rojas<\/p>\n<p>El Brote \u2013 Emiliano Dionisi<\/p>\n<p>Festival Cuyo Contempor\u00e1neo<\/p>\n<p>Come From Away \u2013 Elenco Internacional<\/p>\n<p>Jos\u00e9 Carreras<\/p>\n<p>Ballet Estable Teatro Col\u00f3n<\/p>\n<p>\u00a0<\/p>\n<p>\u00a0<\/p>\n<p><strong>HITOS QUE MARCAN ESTE 2025<\/strong><\/p>\n<p>\u00a0<\/p>\n<p><strong>JOS\u00c9 CARRERAS EN EL TB EN SU GIRA DESPEDIDA MUNDIAL<\/strong><\/p>\n<p>El legendario tenor Jos\u00e9 Carreras se present\u00f3 en la majestuosa Sala Principal del Teatro del Bicentenario de San Juan, junto a la soprano Ver\u00f3nica Cangemi en el marco de la Gira Despedida Mundial 2025. Con localidades agotadas el p\u00fablico se deleit\u00f3 en un emotivo espect\u00e1culo.<\/p>\n<p>El concierto fue dirigido por el maestro David Gim\u00e9nez y cont\u00f3 con la participaci\u00f3n de la Orquesta Sinf\u00f3nica de la UNSJ.<\/p>\n<p>\u00a0<\/p>\n<p><strong>\u201cCARMEN\u201d: BALLET ESTABLE DEL TEATRO COL\u00d3N \u00a0CON JULIO BOCCA<\/strong><\/p>\n<p>En el mes de agosto lleg\u00f3 el Ballet Estable del Teatro Col\u00f3n al TB, con la puesta en escena de Carmen, bajo la direcci\u00f3n art\u00edstica de Julio Bocca, consolidando uno de los grandes hitos de su novena temporada. Esta emblem\u00e1tica obra de Georges Bizet, lleg\u00f3 a San Juan en el marco de los 100 a\u00f1os de trayectoria del Ballet Estable del Teatro Col\u00f3n, marcando un momento hist\u00f3rico: el TB fue el \u00fanico teatro del pa\u00eds en recibir a la prestigiosa compa\u00f1\u00eda durante esta temporada.\u00a0<\/p>\n<p>\u00a0<\/p>\n<p><strong>CONCURSO INTERNACIONAL DE CANTO L\u00cdRICO:\u00a0 \u00d3PERA CANGEMI <\/strong><\/p>\n<p>En octubre, San Juan fue sede de la segunda edici\u00f3n del Concurso Internacional de Canto L\u00edrico \u201c\u00d3pera Cangemi\u201d, ideado y liderado por la soprano Ver\u00f3nica Cangemi. El certamen reuni\u00f3 a j\u00f3venes talentos de toda Latinoam\u00e9rica, con jurados internacionales de prestigio y grandes premios, consolidando a la provincia como un referente en la formaci\u00f3n y proyecci\u00f3n del canto l\u00edrico y ofreciendo a los participantes una plataforma de proyecci\u00f3n internacional.<\/p>\n<p>\u00a0<\/p>\n<p><strong>DOS ESTRENOS MUNDIALES DE PRODUCCI\u00d3N ORIGINAL DEL TB\u00a0 EN ESTE 2025<\/strong><\/p>\n<p>PINOCCHIO, DE GLORIA BRUNI<\/p>\n<p>El Teatro del Bicentenario y la Fundaci\u00f3n Amigos del TB, con el apoyo de la Ley de Mecenazgo Cultural y su patrocinador \u201cSe\u00f1or Gonz\u00e1lez\u201d, protagonizaron un hito con el estreno mundial de la \u00f3pera Pinocchio, de Gloria Bruni, presentada por primera vez en el pa\u00eds y en nuestro idioma, con una puesta en escena innovadora bajo la direcci\u00f3n art\u00edstica de Eleonora Comelli. La producci\u00f3n reuni\u00f3 a la Orquesta Sinf\u00f3nica de la FFHyA-UNSJ, cantantes invitados, participantes del Programa Opera Training, el Coro de Ni\u00f1os y J\u00f3venes de la UNSJ y bailarines, y permiti\u00f3 acercar el arte l\u00edrico a m\u00e1s de 6.000 estudiantes y docentes, incorporando adem\u00e1s actividades inclusivas para personas con diversas capacidades, reafirmando el compromiso del teatro con la accesibilidad y el derecho universal a la cultura.<\/p>\n<p>\u00a0<\/p>\n<p><strong>PAGLIACCI, UNA PRODUCCI\u00d3N ORIGINAL CON PROYECCI\u00d3N INTERNACIONAL<\/strong><\/p>\n<p>En el marco del noveno aniversario, en noviembre el TB ser\u00e1 escenario del estreno mundial de Pagliacci, de Ruggero Leoncavallo. La emblem\u00e1tica \u00f3pera verista cobrar\u00e1 nueva vida con la concepci\u00f3n esc\u00e9nica original y direcci\u00f3n art\u00edstica del aclamado M\u00b0 Eugenio Zanetti, en una producci\u00f3n que promete convertirse en un hito de la l\u00edrica provincial, nacional e internacional.<\/p>\n<p>La puesta reunir\u00e1 en escena a figuras de prestigio internacional como el tenor \u00edtalo-suizo Roberto Sacc\u00e0, la soprano Ver\u00f3nica Cangemi,\u00a0 el bar\u00edtono italiano Mario Cassi, el bajo argenitno Hern\u00e1n Iturralde y el joven y prometedor tenor Joaqu\u00edn Cangemi,\u00a0 la Orquesta Sinf\u00f3nica de la UNSJ, el Coro Universitario de la FFHyA de la UNSJ con la direcci\u00f3n de Jorge Romero y el Coro de Ni\u00f1os y J\u00f3venes de la UNSJ dirigido por Jorge Fuentes, consolidando un elenco de primer nivel. Todo ello, bajo la direcci\u00f3n musical del maestro Marcelo Ayub.<\/p>\n<p>\u00a0<\/p>\n<p><strong>PROYECTOS EDUCATIVOS: LAS AVENTURAS DE PUCK <\/strong><\/p>\n<p>En el mes de agosto, la Fundaci\u00f3n Banco San Juan, a trav\u00e9s de su programa Con la m\u00fasica a otra parte, tuvo un papel protag\u00f3nico al unirse al Teatro del Bicentenario y su Programa de Introducci\u00f3n a la \u00d3pera para llevar adelante una propuesta \u00fanica: brindar una experiencia art\u00edstica enriquecedora y transformadora a\u00a0 miles de estudiantes de toda la provincia, promoviendo experiencias art\u00edsticas enriquecedoras y transformadoras. Con idea original del Teatro del Bicentenario, producci\u00f3n propia, con la participaci\u00f3n de la Orquesta Escuela y un elenco de actores, cantantes y bailarines sanjuaninos, la sala principal del TB se llen\u00f3 de peque\u00f1os disfruntando y maravillandose de la traves\u00eda art\u00edstica inolvidable.<\/p>\n<p>\u00a0<\/p>\n<p><strong>POLO DE FORMACI\u00d3N Y DESARROLLO ART\u00cdSTICO PROFESIONAL <\/strong><\/p>\n<p>Un nuevo a\u00f1o en el que el Teatro del Bicentenario refuerza su compromiso con la excelencia y la autosuperaci\u00f3n a trav\u00e9s de programas anuales de formaci\u00f3n art\u00edstica profesional. El Programa <strong>de Formaci\u00f3n y Desarrollo Profesional para Bailarines<\/strong>, bajo la direcci\u00f3n de Victoria Balanza y el acompa\u00f1amiento de Julia De Nardi, ofrece instancias creativas y muestras abiertas a la comunidad, junto a reconocidos maestros nacionales e internacionales\u00a0 que llegaron a San Juan durante este a\u00f1o como Ana Garat, Gabriel Rodr\u00edguez, Luciana Paris, Jonatan Luj\u00e1n, Juan Francisco L\u00f3pez Bubica y Carolina Mancuso.<\/p>\n<p>En <strong>canto l\u00edrico<\/strong>, el Programa Anual de Entrenamiento para Cantantes L\u00edricos, dirigido por la soprano Ver\u00f3nica Cangemi con la colaboraci\u00f3n de Beatriz Fornabaio y Mar\u00eda Teresa D\u2019Amico, aporta al desarrollo profesional y perfeccionamiento t\u00e9cnico de los j\u00f3venes talentos.<\/p>\n<p>Asimismo, en <strong>canto popular<\/strong>, los maestros Patricia Cangemi y Sebasti\u00e1n Narv\u00e1ez lideran un programa orientado a la formaci\u00f3n t\u00e9cnica y art\u00edstica de cantantes populares, preparando a los participantes para su inserci\u00f3n profesional.<\/p>\n<p>\u00a0<\/p>\n<p><strong>SALA AUDIT\u00d3RIUM <\/strong><\/p>\n<p>Tras una exitosa convocatoria, la Sala Audit\u00f3rium tiene una temporada colmada de propuestas para todos los p\u00fablicos. Teatro, m\u00fasica, espect\u00e1culos multidisciplinares,\u00a0 danza y festivales art\u00edsticos consolidar\u00e1n este espacio como el elegido para los artistas locales y regionales con m\u00e1s de 60 t\u00edtulos que subir\u00e1n al escenario durante este a\u00f1o.<\/p>\n<p>En el a\u00f1o en curso convoc\u00f3 a artistas de renombre nacional como In\u00e9s Est\u00e9vez, y Germ\u00e1n Palacios, as\u00ed como tambi\u00e9n la actuaci\u00f3n de\u00a0 Ave f\u00e9nix con el espect\u00e1culo Cuerdas Paralelas y Posho Rojo, entre otros.<\/p>\n<p>\u00a0<\/p>\n<p><strong>SUMA DE VOLUNTADES: UN TRABAJO EN EQUIPO <\/strong><\/p>\n<p>Gracias a las alianzas estrat\u00e9gicas, el teatro puede concretar grandes proyectos educativos que lo posicionan como un ejemplo de trabajo conjunto, suma de voluntades y compromiso colectivo. Por un lado, contamos con el acompa\u00f1amiento de nuestros grandes aliados del sector privado,\u00a0 organizaciones y fundaciones, y por otro, con el respaldo de nuestros sponsors y amigos del sector privado, que hacen posible estas experiencias que dejan huella en las nuevas generaciones.<\/p>\n<p><strong>Grandes aliados: <\/strong><\/p>\n<ul>\n<li>Veladero<\/li>\n<li>Banco San Juan<\/li>\n<li>Fundaci\u00f3n Banco San Juan<\/li>\n<\/ul>\n<p><strong>Sponsors: <\/strong><\/p>\n<ul>\n<li>Vicu\u00f1a<\/li>\n<li>Glencore Pach\u00f3n<\/li>\n<li>Arte Pan<\/li>\n<li>Naturgy<\/li>\n<li>Le plag<\/li>\n<li>CEAC<\/li>\n<li>La Reina<\/li>\n<li>El acompa\u00f1amiento del Viceconsulado de Italia en Mendoza, la Embajada de Francia, el Instituto Franc\u00e9s y la Alianza Francesa, La Embajada y Consulado de Alemania<\/li>\n<\/ul>\n<p><strong>TEMPORADA VIBRANTE: \u00a1FELIZ ANIVERSARIO, TB!<\/strong><\/p>\n<p>Con nueve a\u00f1os de historia, el Teatro del Bicentenario celebra una temporada vibrante, llena de estrenos, grandes artistas y proyectos educativos que acercan el arte a todos los p\u00fablicos. Un espacio de excelencia y creatividad que se consolida como s\u00edmbolo de orgullo y cultura para San Juan.<\/p>","protected":false},"excerpt":{"rendered":"<p>En 2025, el Teatro del Bicentenario vive su novena temporada con una programaci\u00f3n que combina versatilidad y excelencia. Incluye importantes producciones originales y destacados artistas invitados abarcando una amplia gama de g\u00e9neros como \u00f3peras de repertorio tradicional y contempor\u00e1neo, conciertos-espect\u00e1culo, ballet y danza, teatro de&#8230;<\/p>","protected":false},"author":22,"featured_media":27290,"comment_status":"closed","ping_status":"closed","sticky":false,"template":"","format":"standard","meta":{"h5ap_radio_sources":[],"footnotes":""},"categories":[99],"tags":[],"class_list":["post-27289","post","type-post","status-publish","format-standard","has-post-thumbnail","hentry","category-novedades"],"_links":{"self":[{"href":"https:\/\/www.teatrodelbicentenariosanjuan.org\/en\/wp-json\/wp\/v2\/posts\/27289","targetHints":{"allow":["GET"]}}],"collection":[{"href":"https:\/\/www.teatrodelbicentenariosanjuan.org\/en\/wp-json\/wp\/v2\/posts"}],"about":[{"href":"https:\/\/www.teatrodelbicentenariosanjuan.org\/en\/wp-json\/wp\/v2\/types\/post"}],"author":[{"embeddable":true,"href":"https:\/\/www.teatrodelbicentenariosanjuan.org\/en\/wp-json\/wp\/v2\/users\/22"}],"replies":[{"embeddable":true,"href":"https:\/\/www.teatrodelbicentenariosanjuan.org\/en\/wp-json\/wp\/v2\/comments?post=27289"}],"version-history":[{"count":1,"href":"https:\/\/www.teatrodelbicentenariosanjuan.org\/en\/wp-json\/wp\/v2\/posts\/27289\/revisions"}],"predecessor-version":[{"id":27291,"href":"https:\/\/www.teatrodelbicentenariosanjuan.org\/en\/wp-json\/wp\/v2\/posts\/27289\/revisions\/27291"}],"wp:featuredmedia":[{"embeddable":true,"href":"https:\/\/www.teatrodelbicentenariosanjuan.org\/en\/wp-json\/wp\/v2\/media\/27290"}],"wp:attachment":[{"href":"https:\/\/www.teatrodelbicentenariosanjuan.org\/en\/wp-json\/wp\/v2\/media?parent=27289"}],"wp:term":[{"taxonomy":"category","embeddable":true,"href":"https:\/\/www.teatrodelbicentenariosanjuan.org\/en\/wp-json\/wp\/v2\/categories?post=27289"},{"taxonomy":"post_tag","embeddable":true,"href":"https:\/\/www.teatrodelbicentenariosanjuan.org\/en\/wp-json\/wp\/v2\/tags?post=27289"}],"curies":[{"name":"wp","href":"https:\/\/api.w.org\/{rel}","templated":true}]}}