{"id":27347,"date":"2025-11-17T13:25:14","date_gmt":"2025-11-17T16:25:14","guid":{"rendered":"https:\/\/www.teatrodelbicentenariosanjuan.org\/?p=27347"},"modified":"2025-11-17T13:25:16","modified_gmt":"2025-11-17T16:25:16","slug":"desde-barcelona-a-san-juan-carmen-aciar-presenta-su-nuevo-disco-en-el-tb-en-un-viaje-musical-imperdible","status":"publish","type":"post","link":"https:\/\/www.teatrodelbicentenariosanjuan.org\/en\/novedades\/desde-barcelona-a-san-juan-carmen-aciar-presenta-su-nuevo-disco-en-el-tb-en-un-viaje-musical-imperdible\/","title":{"rendered":"Desde Barcelona a San Juan, Carmen Aciar presenta su nuevo disco en el TB en un viaje musical imperdible"},"content":{"rendered":"<p><i><span style=\"font-weight: 400;\">El pre-estreno del \u00e1lbum: \u201cDe Amores y Miedos\u201d ser\u00e1 el s\u00e1bado 13 de diciembre a las 21 hs en la Sala Audit\u00f3rium del Teatro del Bicentenario. Entradas disponibles.<\/span><\/i><\/p>\n<p><span style=\"font-weight: 400;\">El Teatro del Bicentenario, dependiente del Ministerio de Turismo, Cultura y Deporte, presenta a la cantautora sanjuanina Carmen Aciar, quien invita al p\u00fablico a adentrarse en <\/span><i><span style=\"font-weight: 400;\">\u201cDe Amores y Miedos\u201d<\/span><\/i><span style=\"font-weight: 400;\">, segundo trabajo discogr\u00e1fico, grabado entre Argentina y Barcelona, ciudad donde actualmente reside.<\/span><\/p>\n<p><span style=\"font-weight: 400;\">En el marco de su gira nacional 2025, Carmen regresa a San Juan, su provincia natal, para presentar un concierto \u00edntimo y sensible, donde compartir\u00e1 nuevas historias entre canciones y el folclore argentino. La acompa\u00f1ar\u00e1 el guitarrista sanjuanino Cristian Ramos, junto a invitadas especiales.<\/span><\/p>\n<p><span style=\"font-weight: 400;\">\u00a0<\/span><b>M\u00fasicos Participantes:\u00a0<\/b><\/p>\n<p>\u00a0<\/p>\n<ul>\n<li style=\"font-weight: 400;\" aria-level=\"1\"><b>Carmen Aciar<\/b><span style=\"font-weight: 400;\"> \u2013 voz y guitarra<\/span><span style=\"font-weight: 400;\"><br \/><\/span><span style=\"font-weight: 400;\"><br \/><br \/><\/span><\/li>\n<li style=\"font-weight: 400;\" aria-level=\"1\"><b>Cristian Ramos<\/b><span style=\"font-weight: 400;\"> \u2013 guitarra<\/span><span style=\"font-weight: 400;\"><br \/><\/span><span style=\"font-weight: 400;\"><br \/><br \/><\/span><\/li>\n<li style=\"font-weight: 400;\" aria-level=\"1\"><b>Aim\u00e9<\/b><span style=\"font-weight: 400;\"> \u2013 artista invitada (voz)<\/span><span style=\"font-weight: 400;\"><br \/><\/span><span style=\"font-weight: 400;\"><br \/><br \/><\/span><\/li>\n<li style=\"font-weight: 400;\" aria-level=\"1\"><b>Mar\u00eda In\u00e9s Frete<\/b><span style=\"font-weight: 400;\"> \u2013 artista invitada (clarinete)<\/span><\/li>\n<\/ul>\n<p>\u00a0<\/p>\n<p><b>Carmen Aciar &#8211; \u201cDe Amores y Miedos\u201d se presenta el s\u00e1bado 13 de diciembre a las 21 hs, en la Sala Audit\u00f3rium del Teatro del Bicentenario. Las entradas tienen un valor de $15.000 con DESCUENTOS EXCLUSIVOS: Descuento especial del 20% (cupo limitado) para los primeros 30 tickets adquiridos a trav\u00e9s de Ticket Ya. Las entradas est\u00e1n disponibles en la boleter\u00eda del teatro de lunes a viernes de 09:30 a 14:00 h, y de 16:00 a 20:00 h. y s\u00e1bados de 09:30 a 14:00 h, o tambi\u00e9n puedes adquirirlas a trav\u00e9s de Tuentrada.com<\/b><\/p>\n<p><br \/><b>BIOGRAF\u00cdA CARMEN:\u00a0<\/b><\/p>\n<p><span style=\"font-weight: 400;\">Nacida en San Juan en el a\u00f1o 2000 y criada en Mendoza, Carmen Aciar es una joven cantautora y letrista que desde 2022 reside en Barcelona, donde consolid\u00f3 su proyecto musical. Con una s\u00f3lida formaci\u00f3n y una creciente trayectoria, atraviesa hoy una de sus etapas m\u00e1s prol\u00edficas de creaci\u00f3n, exploraci\u00f3n po\u00e9tica y b\u00fasqueda sonora.<\/span><\/p>\n<p><span style=\"font-weight: 400;\">Su m\u00fasica dialoga de manera natural con el folclore argentino, el pop, la canci\u00f3n de autor y el flamenco, configurando un universo sensible donde conviven paisajes, emociones e historias personales.<\/span><\/p>\n<p><span style=\"font-weight: 400;\">En 2023 public\u00f3 su \u00e1lbum debut <\/span><i><span style=\"font-weight: 400;\">\u201cHistorias M\u00edas\u201d<\/span><\/i><span style=\"font-weight: 400;\">, acompa\u00f1ado por Horacio Fumero (contrabajo) y Joaqu\u00edn Galv\u00e1n (guitarra), obra que marc\u00f3 el inicio de su recorrido profesional. A partir de este lanzamiento realiz\u00f3 presentaciones en diversas ciudades de Argentina y Espa\u00f1a, y colabor\u00f3 con artistas como Clara Peya, Silvia P\u00e9rez Cruz, Luna Monti, Juan Quintero, Andr\u00e9s Beeuwsaert, Analia Garcetti y Loli Molina, entre otros.<\/span><\/p>\n<p><span style=\"font-weight: 400;\">Actualmente se encuentra de gira por Argentina, donde despide su primer disco con conciertos en CABA, C\u00f3rdoba, R\u00edo Cuarto, Mendoza y San Juan. En su regreso a su provincia natal presentar\u00e1 <\/span><i><span style=\"font-weight: 400;\">\u201cDe Amores y Miedos\u201d<\/span><\/i><span style=\"font-weight: 400;\">, su segundo \u00e1lbum, que ver\u00e1 la luz oficialmente a comienzos de 2026.<\/span><\/p>\n<p>\u00a0<\/p>","protected":false},"excerpt":{"rendered":"<p>El pre-estreno del \u00e1lbum: \u201cDe Amores y Miedos\u201d ser\u00e1 el s\u00e1bado 13 de diciembre a las 21 hs en la Sala Audit\u00f3rium del Teatro del Bicentenario. Entradas disponibles. El Teatro del Bicentenario, dependiente del Ministerio de Turismo, Cultura y Deporte, presenta a la cantautora sanjuanina&#8230;<\/p>","protected":false},"author":22,"featured_media":27348,"comment_status":"closed","ping_status":"closed","sticky":false,"template":"","format":"standard","meta":{"h5ap_radio_sources":[],"footnotes":""},"categories":[99],"tags":[],"class_list":["post-27347","post","type-post","status-publish","format-standard","has-post-thumbnail","hentry","category-novedades"],"_links":{"self":[{"href":"https:\/\/www.teatrodelbicentenariosanjuan.org\/en\/wp-json\/wp\/v2\/posts\/27347","targetHints":{"allow":["GET"]}}],"collection":[{"href":"https:\/\/www.teatrodelbicentenariosanjuan.org\/en\/wp-json\/wp\/v2\/posts"}],"about":[{"href":"https:\/\/www.teatrodelbicentenariosanjuan.org\/en\/wp-json\/wp\/v2\/types\/post"}],"author":[{"embeddable":true,"href":"https:\/\/www.teatrodelbicentenariosanjuan.org\/en\/wp-json\/wp\/v2\/users\/22"}],"replies":[{"embeddable":true,"href":"https:\/\/www.teatrodelbicentenariosanjuan.org\/en\/wp-json\/wp\/v2\/comments?post=27347"}],"version-history":[{"count":3,"href":"https:\/\/www.teatrodelbicentenariosanjuan.org\/en\/wp-json\/wp\/v2\/posts\/27347\/revisions"}],"predecessor-version":[{"id":27351,"href":"https:\/\/www.teatrodelbicentenariosanjuan.org\/en\/wp-json\/wp\/v2\/posts\/27347\/revisions\/27351"}],"wp:featuredmedia":[{"embeddable":true,"href":"https:\/\/www.teatrodelbicentenariosanjuan.org\/en\/wp-json\/wp\/v2\/media\/27348"}],"wp:attachment":[{"href":"https:\/\/www.teatrodelbicentenariosanjuan.org\/en\/wp-json\/wp\/v2\/media?parent=27347"}],"wp:term":[{"taxonomy":"category","embeddable":true,"href":"https:\/\/www.teatrodelbicentenariosanjuan.org\/en\/wp-json\/wp\/v2\/categories?post=27347"},{"taxonomy":"post_tag","embeddable":true,"href":"https:\/\/www.teatrodelbicentenariosanjuan.org\/en\/wp-json\/wp\/v2\/tags?post=27347"}],"curies":[{"name":"wp","href":"https:\/\/api.w.org\/{rel}","templated":true}]}}