{"id":27369,"date":"2025-12-02T16:44:48","date_gmt":"2025-12-02T19:44:48","guid":{"rendered":"https:\/\/www.teatrodelbicentenariosanjuan.org\/?p=27369"},"modified":"2025-12-03T10:47:42","modified_gmt":"2025-12-03T13:47:42","slug":"diciembre-en-el-teatro-del-bicentenario","status":"publish","type":"post","link":"https:\/\/www.teatrodelbicentenariosanjuan.org\/en\/novedades\/diciembre-en-el-teatro-del-bicentenario\/","title":{"rendered":"DICIEMBRE EN EL TEATRO DEL BICENTENARIO"},"content":{"rendered":"<h1 dir=\"ltr\"><strong>La m\u00fasica, el teatro y la formaci\u00f3n art\u00edstica iluminan #NuestroTeatro<\/strong><\/h1>\n<p dir=\"ltr\"><strong>El Teatro del Bicentenario, dependiente del Ministerio de Turismo, Cultura y Deporte, presenta un mes de diciembre lleno de propuestas imperdibles. La programaci\u00f3n combina m\u00fasica, teatro musical y muestras de formaci\u00f3n que celebran el talento local y acercan el arte y la cultura a toda la comunidad.<\/strong><\/p>\n<h2 dir=\"ltr\">SALA PRINCIPAL<\/h2>\n<h2 dir=\"ltr\">Premiaci\u00f3n \u201cSan Juan Escribe\u201d | 10 A\u00f1os<\/h2>\n<p dir=\"ltr\">Mi\u00e9rcoles \u2014 19 h<\/p>\n<p dir=\"ltr\">La Legislatura de San Juan celebra una d\u00e9cada de historias que siguen dejando huella.<br \/>Una gala que re\u00fane palabras, m\u00fasica y emociones en una noche donde la creaci\u00f3n sanjuanina ser\u00e1 protagonista.<\/p>\n<p dir=\"ltr\">Celebramos 10 a\u00f1os de historias que siguen dando que hablar, con un despliegue musical que promete elevar la noche a niveles ins\u00f3litos. Lo que vas a ver y escuchar est\u00e1 tomando forma desde ahora.<\/p>\n<p>\u00a0<\/p>\n<h2 dir=\"ltr\">Concierto de la Orquesta Sinf\u00f3nica de la UNSJ<\/h2>\n<p dir=\"ltr\">Viernes 5 de diciembre \u2014 21:30 h<br \/>Entrada libre y gratuita<\/p>\n<p dir=\"ltr\">La Orquesta Sinf\u00f3nica de la Universidad Nacional de San Juan regresa a la Sala Principal con un concierto abierto a todo p\u00fablico, reafirmando su compromiso con la m\u00fasica sinf\u00f3nica y la comunidad.<\/p>\n<h2 dir=\"ltr\">SALA AUDIT\u00d3RIUM<\/h2>\n<h2 dir=\"ltr\">Acapella Producciones presenta \u201cLO QUIERO YA\u201d<\/h2>\n<h3 dir=\"ltr\">Teatro Musical\u00a0<\/h3>\n<p dir=\"ltr\">Una comedia musical fresca y actual que retrata la ansiedad, la inmediatez y las contradicciones de la vida moderna.<\/p>\n<p dir=\"ltr\">La obra sigue a un grupo de j\u00f3venes que utilizan una aplicaci\u00f3n con un asistente virtual disponible las 24 horas: los gu\u00eda, los ordena y los impulsa a \u201cllegar\u201d a sus metas en un mundo hiperconectado.<\/p>\n<p dir=\"ltr\">Una puesta din\u00e1mica, divertida y contempor\u00e1nea sobre los tiempos que vivimos.<\/p>\n<p dir=\"ltr\">Viernes 12 de diciembre \u2013 20 h<br \/>Sala Audit\u00f3rium \u2013 TB<br \/>Entradas: $16.000 | Descuento del 20% para los primeros 30 tickets<br \/>En boleter\u00eda y en Tuentrada.com<\/p>\n<p>\u00a0<\/p>\n<h2 dir=\"ltr\">Carmen Aciar presenta \u201cDe Amores y Miedos\u201d<\/h2>\n<h3 dir=\"ltr\">M\u00fasica\u00a0<\/h3>\n<p dir=\"ltr\">Las canciones que nacieron entre San Juan, Mendoza y Barcelona regresan al lugar donde todo comenz\u00f3.<\/p>\n<p dir=\"ltr\">Acompa\u00f1ada por Cristian Ramos, Aim\u00e9 y Mar\u00eda In\u00e9s Frete; Carmen Aciar invita a un viaje musical \u00edntimo, atravesado por la canci\u00f3n, el folclore y la poes\u00eda.<\/p>\n<p dir=\"ltr\">S\u00e1bado 13 de diciembre \u2013 21 h<br \/>Sala Audit\u00f3rium \u2013 TB<br \/>Entradas: $15.000 | 20% de descuento para los primeros 30 tickets<br \/>En boleter\u00eda y Tuentrada.com<\/p>\n<p>\u00a0<\/p>\n<h2 dir=\"ltr\">Martina Flores presenta \u201cINMARCESIBLE\u201d<\/h2>\n<h3 dir=\"ltr\">M\u00fasica\u00a0<\/h3>\n<p dir=\"ltr\">\u201cInmarcesible\u201d florece en #NuestroTeatro<br \/>La cantautora sanjuanina presenta un \u00e1lbum conceptual que combina m\u00fasica, performance y narrativa visual en un universo esc\u00e9nico inmersivo.<br \/>Inspirada en la leyenda de la Difunta Correa, propone un viaje sensorial de fe, fuerza y transformaci\u00f3n.<\/p>\n<p dir=\"ltr\">Domingo 14 de diciembre \u2013 21 h<br \/>Sala Audit\u00f3rium \u2013 TB<br \/>Entradas $18.000 | Descuentos especiales Ticket Ya!<br \/>En boleter\u00eda y en Tuentrada.com<\/p>\n<p><br \/><br \/><br \/><\/p>\n<h2 dir=\"ltr\">\u00a0Nacho y los Cheddar presentan \u201cCheddar Night\u201d<\/h2>\n<h3 dir=\"ltr\">M\u00fasica\u00a0<\/h3>\n<p dir=\"ltr\">La banda sanjuanina vuelve al TB con un show renovado: rock \u00edntimo y vibrante, ahora expandido con saxo y piano.<br \/>Un recorrido por su primer disco y nuevas canciones que combinan calma y estallido.<\/p>\n<p dir=\"ltr\">Viernes 19 de diciembre \u2013 22 h<br \/>Sala Audit\u00f3rium \u2013 TB<br \/>Entradas $8.000<br \/>En boleter\u00eda y Tuentrada.com<\/p>\n<p>\u00a0<\/p>\n<h2 dir=\"ltr\">MUESTRAS Y ACTIVIDADES DE FORMACI\u00d3N<\/h2>\n<h2 dir=\"ltr\">Muestra Final de Opera Training | Zarzuela y Romanza<\/h2>\n<p dir=\"ltr\">Un recorrido por dos g\u00e9neros llenos de m\u00fasica, teatralidad y emoci\u00f3n.<\/p>\n<p dir=\"ltr\">Participaci\u00f3n especial del\u00a0Coro Vocacional de la FFHyA, dirigido por\u00a0Monika Skowron.<\/p>\n<p dir=\"ltr\">Mi\u00e9rcoles 10 de diciembre \u2013 19 h<br \/>Hall del TB<br \/>Entrada libre y gratuita<\/p>\n<p><br \/><br \/><\/p>\n<h2 dir=\"ltr\">\u00a0Muestra de Cierre Anual | Programa de Canto Popular<\/h2>\n<p dir=\"ltr\">La voz del folklore latinoamericano ilumina la explanada del TB.<\/p>\n<p dir=\"ltr\">Bajo la gu\u00eda de\u00a0Patricia Cangemi\u00a0y\u00a0Sebasti\u00e1n Narv\u00e1ez, los int\u00e9rpretes compartir\u00e1n un repertorio que viaja por el folklore cuyano, tango, candombe y ritmos latinoamericanos.<br \/>Acompa\u00f1an:\u00a0Mariano Moreno\u00a0(piano),\u00a0Gabriel Narv\u00e1ez\u00a0(bajo) y\u00a0Goku Illanes\u00a0(percusi\u00f3n).<\/p>\n<p dir=\"ltr\">Jueves 4 de diciembre \u2013 21 h<br \/>Explanada del TB<br \/>Entrada libre y gratuita<\/p>\n<p>\u00a0<\/p>\n<h2 dir=\"ltr\">Muestra de Cierre | Programa de Danza del TB<\/h2>\n<p dir=\"ltr\">Una presentaci\u00f3n que re\u00fane todas las actividades desarrolladas durante la temporada.<br \/>Un encuentro para celebrar el movimiento, la formaci\u00f3n y la creatividad.<\/p>\n<p dir=\"ltr\">S\u00e1bado 13 de diciembre \u2013 18h<br \/>Hall Principal del TB<br \/>Entrada libre y gratuita<\/p>","protected":false},"excerpt":{"rendered":"<p>La m\u00fasica, el teatro y la formaci\u00f3n art\u00edstica iluminan #NuestroTeatro El Teatro del Bicentenario, dependiente del Ministerio de Turismo, Cultura y Deporte, presenta un mes de diciembre lleno de propuestas imperdibles. La programaci\u00f3n combina m\u00fasica, teatro musical y muestras de formaci\u00f3n que celebran el talento&#8230;<\/p>","protected":false},"author":22,"featured_media":27383,"comment_status":"closed","ping_status":"closed","sticky":false,"template":"","format":"standard","meta":{"h5ap_radio_sources":[],"footnotes":""},"categories":[99],"tags":[],"class_list":["post-27369","post","type-post","status-publish","format-standard","has-post-thumbnail","hentry","category-novedades"],"_links":{"self":[{"href":"https:\/\/www.teatrodelbicentenariosanjuan.org\/en\/wp-json\/wp\/v2\/posts\/27369","targetHints":{"allow":["GET"]}}],"collection":[{"href":"https:\/\/www.teatrodelbicentenariosanjuan.org\/en\/wp-json\/wp\/v2\/posts"}],"about":[{"href":"https:\/\/www.teatrodelbicentenariosanjuan.org\/en\/wp-json\/wp\/v2\/types\/post"}],"author":[{"embeddable":true,"href":"https:\/\/www.teatrodelbicentenariosanjuan.org\/en\/wp-json\/wp\/v2\/users\/22"}],"replies":[{"embeddable":true,"href":"https:\/\/www.teatrodelbicentenariosanjuan.org\/en\/wp-json\/wp\/v2\/comments?post=27369"}],"version-history":[{"count":3,"href":"https:\/\/www.teatrodelbicentenariosanjuan.org\/en\/wp-json\/wp\/v2\/posts\/27369\/revisions"}],"predecessor-version":[{"id":27382,"href":"https:\/\/www.teatrodelbicentenariosanjuan.org\/en\/wp-json\/wp\/v2\/posts\/27369\/revisions\/27382"}],"wp:featuredmedia":[{"embeddable":true,"href":"https:\/\/www.teatrodelbicentenariosanjuan.org\/en\/wp-json\/wp\/v2\/media\/27383"}],"wp:attachment":[{"href":"https:\/\/www.teatrodelbicentenariosanjuan.org\/en\/wp-json\/wp\/v2\/media?parent=27369"}],"wp:term":[{"taxonomy":"category","embeddable":true,"href":"https:\/\/www.teatrodelbicentenariosanjuan.org\/en\/wp-json\/wp\/v2\/categories?post=27369"},{"taxonomy":"post_tag","embeddable":true,"href":"https:\/\/www.teatrodelbicentenariosanjuan.org\/en\/wp-json\/wp\/v2\/tags?post=27369"}],"curies":[{"name":"wp","href":"https:\/\/api.w.org\/{rel}","templated":true}]}}