{"id":27553,"date":"2026-03-05T12:19:39","date_gmt":"2026-03-05T15:19:39","guid":{"rendered":"https:\/\/www.teatrodelbicentenariosanjuan.org\/?p=27553"},"modified":"2026-03-17T12:02:27","modified_gmt":"2026-03-17T15:02:27","slug":"fernando-aguilera-y-los-energumenos-se-presentan-por-primera-vez-en-el-teatro-del-bicentenario","status":"publish","type":"post","link":"https:\/\/www.teatrodelbicentenariosanjuan.org\/en\/sin-categoria-es\/fernando-aguilera-y-los-energumenos-se-presentan-por-primera-vez-en-el-teatro-del-bicentenario\/","title":{"rendered":"FERNANDO AGUILERA Y LOS ENERG\u00daMENOS SE PRESENTAN POR PRIMERA VEZ EN EL TEATRO DEL BICENTENARIO"},"content":{"rendered":"<p dir=\"ltr\"><em>El pr\u00f3ximo viernes 27 de marzo, a las 22:00 h, la Sala Audit\u00f3rium del Teatro del Bicentenario recibir\u00e1 por primera vez al artista sanjuanino Fernando Aguilera junto a su banda Los Energ\u00famenos. Entradas disponibles.<\/em><\/p>\n<p dir=\"ltr\">El Teatro del Bicentenario, dependiente del Ministerio de Turismo, Cultura y Deporte, presenta\u00a0\u201cFernando Aguilera y Los Energ\u00famenos\u201d, un espect\u00e1culo que marcar\u00e1 el inicio de una gira por la regi\u00f3n de Cuyo y propone una experiencia audiovisual que integra m\u00fasica, danza y teatro en una puesta esc\u00e9nica potente y din\u00e1mica, en una producci\u00f3n independiente y de autogesti\u00f3n.<\/p>\n<p dir=\"ltr\">El concierto ofrecer\u00e1 un recorrido por la obra solista de Fernando Aguilera (exintegrante de Roxana Porcellana) acompa\u00f1ado por destacados m\u00fasicos locales. La propuesta se distingue por su versatilidad musical, transitando g\u00e9neros como el rock, el tango, el folclore y el candombe, entre otros, en un show que invita al p\u00fablico a vivir una experiencia art\u00edstica integral.<\/p>\n<h3 dir=\"ltr\">STAFF<\/h3>\n<p dir=\"ltr\"><strong>Fernando Aguilera\u00a0<\/strong>\u2013 Voz (Direcci\u00f3n general)<br \/><strong>Fernando G\u00f3mez<\/strong>\u00a0\u2013 Guitarra y coros<br \/><strong>Nico Diapol\u00a0<\/strong>\u2013 Guitarra y coros (Direcci\u00f3n musical)<br \/><strong>Jonathan Barquiel<\/strong>\u00a0\u2013 Bajo y coros (Guion, arte y dise\u00f1o lum\u00ednico)<br \/><strong>Agustina Brizuela<\/strong>\u00a0\u2013 Teclados y coros (Direcci\u00f3n vocal)<br \/><strong>Diego S\u00e1nchez<\/strong>\u00a0\u2013 Bater\u00eda<\/p>\n<p dir=\"ltr\"><strong>Maximiliano Ar\u00e9valo<\/strong>\u00a0\u2013 Viol\u00edn (Invitado)<br \/><strong>Guadalupe de la Fuente<\/strong>\u00a0\u2013 Guitarra y coros (Invitada)<br \/><strong>El\u00edas Mart\u00ednez<\/strong>\u00a0\u2013 Bailar\u00edn (Invitado)<br \/><strong>Romina Oropel<\/strong>\u00a0\u2013 Bailarina (Invitada)<\/p>\n<p dir=\"ltr\"><strong>Carlos Villavicencio<\/strong>\u00a0\u2013 Operador de sonido<br \/><strong>Gonzalo Gonz\u00e1lez<\/strong>\u00a0\u2013 Operador de iluminaci\u00f3n y visuales<br \/><strong>Braian Soria<\/strong>\u00a0\u2013 Asistente de escenario<br \/><strong>Claudia Ortega<\/strong>\u00a0\u2013 Coordinaci\u00f3n general<\/p>\n<h3 dir=\"ltr\">INFORMACI\u00d3N SOBRE EL ESPECT\u00c1CULO<\/h3>\n<p dir=\"ltr\">D\u00eda:<strong>\u00a0Viernes 27 de marzo<\/strong><br \/>Hora:<strong>\u00a022:00 h<\/strong><br \/>Lugar:<strong>\u00a0Sala Audit\u00f3rium \u2013 Teatro del Bicentenario<\/strong><br \/>Entrada:<strong>\u00a0$12.000<\/strong><\/p>\n<p dir=\"ltr\"><strong>Disponibles en boleter\u00eda del teatro de lunes a viernes de 9:30 a 14:00 h y s\u00e1bados de 9:30 a 14:00 h (los descuentos aplican solo en boleter\u00eda) y a trav\u00e9s de la web en TuEntrada.<\/strong><\/p>\n<p dir=\"ltr\">P\u00fablico:\u00a0<strong>Todo p\u00fablico<\/strong><\/p>\n<h3 dir=\"ltr\">FUNCI\u00d3N CON BENEFICIOS<\/h3>\n<p dir=\"ltr\">(Exclusivos en boleter\u00eda del TB)<\/p>\n<p dir=\"ltr\"><strong>TICKET YA:\u00a020% de descuento en todas las funciones, libre ubicaci\u00f3n, hasta 72 h antes del evento.<\/strong><\/p>\n<p dir=\"ltr\"><strong>Ticket Joven:\u00a050% de descuento para j\u00f3venes de 13 a 24 a\u00f1os inclusive, presentando DNI.<\/strong><\/p>\n<p dir=\"ltr\"><strong>Ticket Jubilados:\u00a020% de descuento para jubilados presentando DNI y recibo de haberes y\/o carnet PAMI (hasta 2 entradas por persona).<\/strong><\/p>","protected":false},"excerpt":{"rendered":"<p>El pr\u00f3ximo viernes 27 de marzo, a las 22:00 h, la Sala Audit\u00f3rium del Teatro del Bicentenario recibir\u00e1 por primera vez al artista sanjuanino Fernando Aguilera junto a su banda Los Energ\u00famenos. Entradas disponibles. El Teatro del Bicentenario, dependiente del Ministerio de Turismo, Cultura y&#8230;<\/p>","protected":false},"author":22,"featured_media":27554,"comment_status":"closed","ping_status":"closed","sticky":false,"template":"","format":"standard","meta":{"h5ap_radio_sources":[],"footnotes":""},"categories":[105],"tags":[],"class_list":["post-27553","post","type-post","status-publish","format-standard","has-post-thumbnail","hentry","category-sin-categoria-es"],"_links":{"self":[{"href":"https:\/\/www.teatrodelbicentenariosanjuan.org\/en\/wp-json\/wp\/v2\/posts\/27553","targetHints":{"allow":["GET"]}}],"collection":[{"href":"https:\/\/www.teatrodelbicentenariosanjuan.org\/en\/wp-json\/wp\/v2\/posts"}],"about":[{"href":"https:\/\/www.teatrodelbicentenariosanjuan.org\/en\/wp-json\/wp\/v2\/types\/post"}],"author":[{"embeddable":true,"href":"https:\/\/www.teatrodelbicentenariosanjuan.org\/en\/wp-json\/wp\/v2\/users\/22"}],"replies":[{"embeddable":true,"href":"https:\/\/www.teatrodelbicentenariosanjuan.org\/en\/wp-json\/wp\/v2\/comments?post=27553"}],"version-history":[{"count":1,"href":"https:\/\/www.teatrodelbicentenariosanjuan.org\/en\/wp-json\/wp\/v2\/posts\/27553\/revisions"}],"predecessor-version":[{"id":27555,"href":"https:\/\/www.teatrodelbicentenariosanjuan.org\/en\/wp-json\/wp\/v2\/posts\/27553\/revisions\/27555"}],"wp:featuredmedia":[{"embeddable":true,"href":"https:\/\/www.teatrodelbicentenariosanjuan.org\/en\/wp-json\/wp\/v2\/media\/27554"}],"wp:attachment":[{"href":"https:\/\/www.teatrodelbicentenariosanjuan.org\/en\/wp-json\/wp\/v2\/media?parent=27553"}],"wp:term":[{"taxonomy":"category","embeddable":true,"href":"https:\/\/www.teatrodelbicentenariosanjuan.org\/en\/wp-json\/wp\/v2\/categories?post=27553"},{"taxonomy":"post_tag","embeddable":true,"href":"https:\/\/www.teatrodelbicentenariosanjuan.org\/en\/wp-json\/wp\/v2\/tags?post=27553"}],"curies":[{"name":"wp","href":"https:\/\/api.w.org\/{rel}","templated":true}]}}