{"id":27576,"date":"2026-03-12T10:25:46","date_gmt":"2026-03-12T13:25:46","guid":{"rendered":"https:\/\/www.teatrodelbicentenariosanjuan.org\/?p=27576"},"modified":"2026-03-12T10:25:49","modified_gmt":"2026-03-12T13:25:49","slug":"el-teatro-del-bicentenario-presenta-tango-y-folclore-del-nuevo-siglo-un-concierto-que-une-raiz-y-presente","status":"publish","type":"post","link":"https:\/\/www.teatrodelbicentenariosanjuan.org\/en\/novedades\/el-teatro-del-bicentenario-presenta-tango-y-folclore-del-nuevo-siglo-un-concierto-que-une-raiz-y-presente\/","title":{"rendered":"EL TEATRO DEL BICENTENARIO PRESENTA: \u201cTANGO Y FOLCLORE DEL NUEVO SIGLO\u201d, UN CONCIERTO QUE UNE RA\u00cdZ Y PRESENTE"},"content":{"rendered":"<p>\u00a0<\/p>\n<p><i><span style=\"font-weight: 400;\">El jueves 2 de abril a las 21:00, la Sala Audit\u00f3rium del TB ser\u00e1 escenario de \u201cTango y Folclore del Nuevo Siglo\u201d, un espect\u00e1culo que propone una relectura contempor\u00e1nea de dos de los g\u00e9neros m\u00e1s representativos de la m\u00fasica popular argentina. Entradas disponibles.<\/span><\/i><\/p>\n<p><span style=\"font-weight: 400;\">El Teatro del Bicentenario, dependiente del Ministerio de Turismo, Cultura y Deporte, invita al p\u00fablico sanjuanino a disfrutar de una propuesta musical que pondr\u00e1 en di\u00e1logo la riqueza de la tradici\u00f3n argentina con una mirada contempor\u00e1nea.<\/span><\/p>\n<p><span style=\"font-weight: 400;\">El concierto re\u00fane al guitarrista y compositor Lucas Maureira junto al Tr\u00edo de Cuerdas \u00c1mbar, en un show que fusiona tradici\u00f3n y nuevas b\u00fasquedas sonoras. A trav\u00e9s de composiciones originales y arreglos especialmente concebidos para este formato, el espect\u00e1culo invita a recorrer paisajes musicales donde el tango y el folclore dialogan con una est\u00e9tica actual.<\/span><\/p>\n<p><span style=\"font-weight: 400;\">\u201cTango y Folclore del Nuevo Siglo\u201d propone una experiencia musical sensible y din\u00e1mica, en la que la guitarra y el tr\u00edo de cuerdas se entrelazan para resignificar estas tradiciones desde una perspectiva contempor\u00e1nea, manteniendo viva la esencia de los g\u00e9neros que forman parte de la identidad cultural del pa\u00eds.<\/span><\/p>\n<h3><b>INFORMACI\u00d3N SOBRE EL ESPECT\u00c1CULO<\/b><\/h3>\n<p><b>Funci\u00f3n:<\/b><span style=\"font-weight: 400;\"> Jueves 2 de abril<\/span><span style=\"font-weight: 400;\"><br \/><\/span> <b>Hora:<\/b><span style=\"font-weight: 400;\"> 21:00 h<\/span><span style=\"font-weight: 400;\"><br \/><\/span> <b>Lugar:<\/b><span style=\"font-weight: 400;\"> Sala Audit\u00f3rium \u2013 Teatro del Bicentenario<\/span><span style=\"font-weight: 400;\"><br \/><\/span> <b>P\u00fablico:<\/b><span style=\"font-weight: 400;\"> Todo P\u00fablico<\/span><span style=\"font-weight: 400;\"><br \/><\/span> <b>Entrada general:<\/b><span style=\"font-weight: 400;\"> $10.000<\/span><\/p>\n<p><span style=\"font-weight: 400;\">Las entradas se encuentran disponibles en boleter\u00eda del teatro de lunes a viernes de 9:30 a 14:00 h y s\u00e1bados de 9:30 a 14:00 h (los descuentos aplican \u00fanicamente en boleter\u00eda), y de manera online a trav\u00e9s de TuEntrada.<\/span><\/p>\n<h3><b>FUNCI\u00d3N CON BENEFICIOS<\/b><\/h3>\n<p><i><span style=\"font-weight: 400;\">(Exclusivos en boleter\u00eda del TB)<\/span><\/i><\/p>\n<p><b>TICKET YA:<\/b><span style=\"font-weight: 400;\"> 20% de descuento en todas las funciones, libre ubicaci\u00f3n, hasta 72 h antes del evento.<\/span><\/p>\n<p><b>Ticket Joven:<\/b><span style=\"font-weight: 400;\"> 50% de descuento para j\u00f3venes de 13 a 24 a\u00f1os inclusive, presentando DNI.<\/span><\/p>\n<p><b>Ticket Jubilados:<\/b><span style=\"font-weight: 400;\"> 20% de descuento para jubilados presentando DNI y recibo de haberes y\/o carnet PAMI (hasta 2 entradas por persona).<\/span><\/p>","protected":false},"excerpt":{"rendered":"<p>\u00a0 El jueves 2 de abril a las 21:00, la Sala Audit\u00f3rium del TB ser\u00e1 escenario de \u201cTango y Folclore del Nuevo Siglo\u201d, un espect\u00e1culo que propone una relectura contempor\u00e1nea de dos de los g\u00e9neros m\u00e1s representativos de la m\u00fasica popular argentina. Entradas disponibles. El&#8230;<\/p>","protected":false},"author":22,"featured_media":27577,"comment_status":"closed","ping_status":"closed","sticky":false,"template":"","format":"standard","meta":{"h5ap_radio_sources":[],"footnotes":""},"categories":[99],"tags":[],"class_list":["post-27576","post","type-post","status-publish","format-standard","has-post-thumbnail","hentry","category-novedades"],"_links":{"self":[{"href":"https:\/\/www.teatrodelbicentenariosanjuan.org\/en\/wp-json\/wp\/v2\/posts\/27576","targetHints":{"allow":["GET"]}}],"collection":[{"href":"https:\/\/www.teatrodelbicentenariosanjuan.org\/en\/wp-json\/wp\/v2\/posts"}],"about":[{"href":"https:\/\/www.teatrodelbicentenariosanjuan.org\/en\/wp-json\/wp\/v2\/types\/post"}],"author":[{"embeddable":true,"href":"https:\/\/www.teatrodelbicentenariosanjuan.org\/en\/wp-json\/wp\/v2\/users\/22"}],"replies":[{"embeddable":true,"href":"https:\/\/www.teatrodelbicentenariosanjuan.org\/en\/wp-json\/wp\/v2\/comments?post=27576"}],"version-history":[{"count":2,"href":"https:\/\/www.teatrodelbicentenariosanjuan.org\/en\/wp-json\/wp\/v2\/posts\/27576\/revisions"}],"predecessor-version":[{"id":27579,"href":"https:\/\/www.teatrodelbicentenariosanjuan.org\/en\/wp-json\/wp\/v2\/posts\/27576\/revisions\/27579"}],"wp:featuredmedia":[{"embeddable":true,"href":"https:\/\/www.teatrodelbicentenariosanjuan.org\/en\/wp-json\/wp\/v2\/media\/27577"}],"wp:attachment":[{"href":"https:\/\/www.teatrodelbicentenariosanjuan.org\/en\/wp-json\/wp\/v2\/media?parent=27576"}],"wp:term":[{"taxonomy":"category","embeddable":true,"href":"https:\/\/www.teatrodelbicentenariosanjuan.org\/en\/wp-json\/wp\/v2\/categories?post=27576"},{"taxonomy":"post_tag","embeddable":true,"href":"https:\/\/www.teatrodelbicentenariosanjuan.org\/en\/wp-json\/wp\/v2\/tags?post=27576"}],"curies":[{"name":"wp","href":"https:\/\/api.w.org\/{rel}","templated":true}]}}