{"id":27581,"date":"2026-03-13T11:47:02","date_gmt":"2026-03-13T14:47:02","guid":{"rendered":"https:\/\/www.teatrodelbicentenariosanjuan.org\/?p=27581"},"modified":"2026-03-13T11:47:05","modified_gmt":"2026-03-13T14:47:05","slug":"el-teatro-del-bicentenario-presenta-los-perros-de-san-diego-una-comedia-dramatica-sobre-pasion-lealtad-y-radio-en-los-anos-70","status":"publish","type":"post","link":"https:\/\/www.teatrodelbicentenariosanjuan.org\/en\/novedades\/el-teatro-del-bicentenario-presenta-los-perros-de-san-diego-una-comedia-dramatica-sobre-pasion-lealtad-y-radio-en-los-anos-70\/","title":{"rendered":"EL TEATRO DEL BICENTENARIO PRESENTA: \u201cLOS PERROS DE SAN DIEGO\u201d, UNA COMEDIA DRAM\u00c1TICA SOBRE PASI\u00d3N, LEALTAD Y RADIO EN LOS A\u00d1OS 70"},"content":{"rendered":"<p style=\"font-weight: 400;\"><em>El elenco \u201cLa Esquina\u201d sube a escena el pr\u00f3ximo s\u00e1bado 11 de abril a las 21:30 hs en la Sala Audit\u00f3rium del TB. Entradas disponibles<\/em><\/p>\n<p style=\"font-weight: 400;\">El Teatro del Bicentenario, dependiente del Ministerio de Turismo, Cultura y Deporte, invita al p\u00fablico a disfrutar de \u201cLos perros de San Diego\u201d, una comedia dram\u00e1tica escrita y dirigida por Eduardo Avila. La obra propone un viaje a la \u00e9poca dorada de la radio en los a\u00f1os 70, cuando los radioteatros reun\u00edan a familias enteras frente al receptor y las voces de los actores eran capaces de crear mundos enteros en la imaginaci\u00f3n del p\u00fablico.<\/p>\n<p style=\"font-weight: 400;\">Con humor, emoci\u00f3n y un gui\u00f1o nost\u00e1lgico al universo del radioteatro, \u201cLos perros de San Diego\u201d invita al p\u00fablico a introducirse en una historia donde la pasi\u00f3n por contar historias se enfrenta al paso del tiempo, record\u00e1ndonos que algunas voces nunca dejan de resonar.<\/p>\n<h3><strong><u>Sobre la obra<\/u><\/strong><\/h3>\n<p style=\"font-weight: 400;\">En la d\u00e9cada del 70, una emblem\u00e1tica radio que cautiv\u00f3 a toda la ciudad con sus exitosos radioteatros atraviesa una profunda crisis econ\u00f3mica. Las dificultades amenazan con silenciar para siempre las voces que el p\u00fablico adora.<\/p>\n<p style=\"font-weight: 400;\">En medio de la incertidumbre, la desesperada b\u00fasqueda de una soluci\u00f3n obliga a la direcci\u00f3n a tomar decisiones dr\u00e1sticas que pondr\u00e1n en jaque no solo la continuidad del programa, sino tambi\u00e9n la lealtad y el destino de quienes lo hacen posible. Cuando un rayo de esperanza parece iluminar el estudio, un giro inesperado del destino cambiar\u00e1 para siempre el \u00faltimo acto de esta historia.<\/p>\n<h3><strong><u>Elenco:<\/u><\/strong><\/h3>\n<ul>\n<li style=\"font-weight: 400;\">Daniela Carrozzo<br \/><br \/><\/li>\n<li style=\"font-weight: 400;\">Carlos Baz\u00e1n<br \/><br \/><\/li>\n<li style=\"font-weight: 400;\">Ver\u00f3nica Godoy<br \/><br \/><\/li>\n<li style=\"font-weight: 400;\">Daniel Perkosky<br \/><br \/><\/li>\n<li style=\"font-weight: 400;\">Mar\u00eda Fernanda Fonzalida<br \/><br \/><\/li>\n<li style=\"font-weight: 400;\">Juan Manuel Cuello<br \/><br \/><\/li>\n<li style=\"font-weight: 400;\">Rosa P\u00e1ez<br \/><br \/><\/li>\n<\/ul>\n<h3><strong><u>Ficha t\u00e9cnica<\/u><\/strong><\/h3>\n<p style=\"font-weight: 400;\"><strong>Direcci\u00f3n:<\/strong>\u00a0Eduardo \u00c1vila<br \/>\u00a0<strong>Asistencia de direcci\u00f3n:<\/strong>\u00a0Eliana Acosta<br \/>\u00a0<strong>Iluminaci\u00f3n y sonido:<\/strong>\u00a0Leonardo \u00c1vila<br \/>\u00a0<strong>Asistencia t\u00e9cnica:<\/strong>\u00a0Natalia \u00c1vila<br \/>\u00a0<strong>Producci\u00f3n:<\/strong>\u00a0Elenco La Esquina<\/p>\n<h3><strong><u>INFORMACI\u00d3N SOBRE EL ESPECT\u00c1CULO<\/u><\/strong><\/h3>\n<p style=\"font-weight: 400;\"><strong>Funci\u00f3n:<\/strong>\u00a0S\u00e1bado 11 de abril<br \/>\u00a0<strong>Hora:<\/strong>\u00a021:30 h<br \/>\u00a0<strong>Lugar:<\/strong>\u00a0Sala Audit\u00f3rium \u2013 Teatro del Bicentenario<br \/>\u00a0<strong>P\u00fablico:<\/strong>\u00a0+ 13<br \/>\u00a0<strong>Entrada general:<\/strong>\u00a0$12.000<\/p>\n<p style=\"font-weight: 400;\">Las entradas se encuentran disponibles en boleter\u00eda del teatro de lunes a viernes de 9:30 a 14:00 h y s\u00e1bados de 9:30 a 14:00 h (los descuentos aplican \u00fanicamente en boleter\u00eda), y de manera online a trav\u00e9s de TuEntrada.<\/p>\n<h3><strong><u>FUNCI\u00d3N CON BENEFICIOS<\/u><\/strong><\/h3>\n<p style=\"font-weight: 400;\"><em>(Exclusivos en boleter\u00eda del TB)<\/em><\/p>\n<p style=\"font-weight: 400;\"><strong>TICKET YA:<\/strong>\u00a020% de descuento en todas las funciones, libre ubicaci\u00f3n, hasta 72 h antes del evento.<\/p>\n<p style=\"font-weight: 400;\"><strong>Ticket Joven:<\/strong>\u00a050% de descuento para j\u00f3venes de 13 a 24 a\u00f1os inclusive, presentando DNI.<\/p>\n<p style=\"font-weight: 400;\"><strong>Ticket Jubilados:<\/strong>\u00a020% de descuento para jubilados presentando DNI y recibo de haberes y\/o carnet PAMI (hasta 2 entradas por persona).<\/p>","protected":false},"excerpt":{"rendered":"<p>El elenco \u201cLa Esquina\u201d sube a escena el pr\u00f3ximo s\u00e1bado 11 de abril a las 21:30 hs en la Sala Audit\u00f3rium del TB. Entradas disponibles El Teatro del Bicentenario, dependiente del Ministerio de Turismo, Cultura y Deporte, invita al p\u00fablico a disfrutar de \u201cLos perros&#8230;<\/p>","protected":false},"author":22,"featured_media":27582,"comment_status":"closed","ping_status":"closed","sticky":false,"template":"","format":"standard","meta":{"h5ap_radio_sources":[],"footnotes":""},"categories":[99],"tags":[],"class_list":["post-27581","post","type-post","status-publish","format-standard","has-post-thumbnail","hentry","category-novedades"],"_links":{"self":[{"href":"https:\/\/www.teatrodelbicentenariosanjuan.org\/en\/wp-json\/wp\/v2\/posts\/27581","targetHints":{"allow":["GET"]}}],"collection":[{"href":"https:\/\/www.teatrodelbicentenariosanjuan.org\/en\/wp-json\/wp\/v2\/posts"}],"about":[{"href":"https:\/\/www.teatrodelbicentenariosanjuan.org\/en\/wp-json\/wp\/v2\/types\/post"}],"author":[{"embeddable":true,"href":"https:\/\/www.teatrodelbicentenariosanjuan.org\/en\/wp-json\/wp\/v2\/users\/22"}],"replies":[{"embeddable":true,"href":"https:\/\/www.teatrodelbicentenariosanjuan.org\/en\/wp-json\/wp\/v2\/comments?post=27581"}],"version-history":[{"count":1,"href":"https:\/\/www.teatrodelbicentenariosanjuan.org\/en\/wp-json\/wp\/v2\/posts\/27581\/revisions"}],"predecessor-version":[{"id":27583,"href":"https:\/\/www.teatrodelbicentenariosanjuan.org\/en\/wp-json\/wp\/v2\/posts\/27581\/revisions\/27583"}],"wp:featuredmedia":[{"embeddable":true,"href":"https:\/\/www.teatrodelbicentenariosanjuan.org\/en\/wp-json\/wp\/v2\/media\/27582"}],"wp:attachment":[{"href":"https:\/\/www.teatrodelbicentenariosanjuan.org\/en\/wp-json\/wp\/v2\/media?parent=27581"}],"wp:term":[{"taxonomy":"category","embeddable":true,"href":"https:\/\/www.teatrodelbicentenariosanjuan.org\/en\/wp-json\/wp\/v2\/categories?post=27581"},{"taxonomy":"post_tag","embeddable":true,"href":"https:\/\/www.teatrodelbicentenariosanjuan.org\/en\/wp-json\/wp\/v2\/tags?post=27581"}],"curies":[{"name":"wp","href":"https:\/\/api.w.org\/{rel}","templated":true}]}}