{"id":27584,"date":"2026-03-13T12:39:42","date_gmt":"2026-03-13T15:39:42","guid":{"rendered":"https:\/\/www.teatrodelbicentenariosanjuan.org\/?p=27584"},"modified":"2026-03-13T12:51:24","modified_gmt":"2026-03-13T15:51:24","slug":"el-teatro-del-bicentenario-convoca-bailarines-para-mujeres-argentinas","status":"publish","type":"post","link":"https:\/\/www.teatrodelbicentenariosanjuan.org\/en\/novedades\/el-teatro-del-bicentenario-convoca-bailarines-para-mujeres-argentinas\/","title":{"rendered":"El Teatro del Bicentenario convoca bailarines para \u201cMujeres Argentinas\u201d"},"content":{"rendered":"<p>La convocatoria est\u00e1 dirigida a bailarines\/as mayores de 18 a\u00f1os con formaci\u00f3n en danza contempor\u00e1nea y conocimientos folcl\u00f3ricos. Los seleccionados integrar\u00e1n el elenco de esta destacada producci\u00f3n del Teatro del Bicentenario con funciones en abril y mayo.<\/p>\n<p>En el marco de las actividades de conmemoraci\u00f3n del D\u00eda Internacional de la Danza, el Teatro del Bicentenario, dependiente del Ministerio de Turismo, Cultura y Deporte, abre la convocatoria a bailarines\/as para integrar el elenco de la emblem\u00e1tica producci\u00f3n \u201cMujeres Argentinas\u201d, una propuesta esc\u00e9nica que re\u00fane m\u00fasica y danza con una fuerte identidad cultural.<\/p>\n<p>La convocatoria est\u00e1 dirigida a bailarines\/as mayores de 18 a\u00f1os de la provincia de San Juan, con nivel avanzado en danza contempor\u00e1nea y conocimientos de danzas folcl\u00f3ricas. Las personas seleccionadas formar\u00e1n parte de esta producci\u00f3n original, con su estreno el d\u00eda s\u00e1bado 25 de abril en la Sala Principal del Teatro del Bicentenario.<\/p>\n<p>La inscripci\u00f3n estar\u00e1 disponible a partir del d\u00eda 13 de marzo y se extender\u00e1 hasta el d\u00eda 23 de marzo a las 12 h. La audici\u00f3n presencial se realizar\u00e1 el 25 de marzo, a partir de las 17h en horarios a confirmar, seg\u00fan orden de inscripci\u00f3n.<\/p>\n<p>\u201cMujeres Argentinas\u201d, notable obra creada por Ariel Ram\u00edrez y F\u00e9lix Luna, en una producci\u00f3n original realizada por el Teatro del Bicentenario, bajo la direcci\u00f3n coreogr\u00e1fica de Alexis Mirenda y Jorge V\u00e1squez, bajo la mirada art\u00edstica de Victoria Balanza. La puesta se completa con la interpretaci\u00f3n musical de La Camerata, junto a un elenco de artistas sanjuaninos, y un desarrollo audiovisual que digitaliza las obras del reconocido artista pl\u00e1stico Carlos G\u00f3mez Centuri\u00f3n.<\/p>\n<p>La obra convoca a m\u00e1s de 60 artistas y profesionales sanjuaninos, y propone un recorrido esc\u00e9nico que celebra la identidad, la memoria y el rol de la mujer en la historia argentina.<\/p>\n<p>Requisitos para la inscripci\u00f3n<\/p>\n<ul>\n<li>Ser mayor de 18 a\u00f1os.<\/li>\n<li>Contar con s\u00f3lida t\u00e9cnica en danza contempor\u00e1nea.<\/li>\n<li>Tener conocimientos en danzas folcl\u00f3ricas (no excluyente).<\/li>\n<li>Aprender el material coreogr\u00e1fico, disponible en nuestra web.<\/li>\n<li>Completar el formulario de inscripci\u00f3n disponible en p\u00e1gina web el Teatro.<\/li>\n<li>Asistir a la audici\u00f3n con ropa al cuerpo, descalzos y con pa\u00f1uelo.<\/li>\n<li>Contar con disponibilidad para ensayos de lunes a viernes de 15:30 a 19:30 h y los s\u00e1bados de 10:00 a 15:00 h, a partir del d\u00eda 6 de abril, sujeto a plan de ensayos y funciones.<\/li>\n<\/ul>\n<p>\u00a0<\/p>\n<p>Inscripci\u00f3n<\/p>\n<p>Las personas interesadas deber\u00e1n completar el formulario disponible en el sitio web del Teatro.<\/p>\n<p>\u00a0<\/p>\n<p>Inscripci\u00f3n:<\/p>\n<p>\u00a0<a href=\"http:\/\/www.teatrodelbicentenariosanjuan.org\">www.teatrodelbicentenariosanjuan.org<\/a><\/p>\n<p>\u00a0<\/p>\n<p>\u00a0<\/p>\n<p>Formulario:<\/p>\n<p><a href=\"https:\/\/forms.gle\/mu5zBeaq6axst1Ko6\">https:\/\/forms.gle\/mu5zBeaq6axst1Ko6<\/a><\/p>\n<p>\u00a0<\/p>\n<p>\u00a0<\/p>\n<p>Consultas:<\/p>\n<p><a href=\"mailto:audiciones.teatrobicentenario@gmail.com\">audiciones.teatrobicentenario@gmail.com<\/a> \u00a0<\/p>\n<p>Enlace de videos:<br \/>Video de coreograf\u00eda con cuentas: <a href=\"https:\/\/youtu.be\/x2BPiyYhXiM\">https:\/\/youtu.be\/x2BPiyYhXiM<\/a><\/p>\n<p>Video de coreograf\u00eda con m\u00fasica: <a href=\"https:\/\/youtu.be\/82d036zoggY\">https:\/\/youtu.be\/82d036zoggY<\/a><\/p>","protected":false},"excerpt":{"rendered":"<p>La convocatoria est\u00e1 dirigida a bailarines\/as mayores de 18 a\u00f1os con formaci\u00f3n en danza contempor\u00e1nea y conocimientos folcl\u00f3ricos. Los seleccionados integrar\u00e1n el elenco de esta destacada producci\u00f3n del Teatro del Bicentenario con funciones en abril y mayo. En el marco de las actividades de conmemoraci\u00f3n&#8230;<\/p>","protected":false},"author":22,"featured_media":27586,"comment_status":"closed","ping_status":"closed","sticky":false,"template":"","format":"standard","meta":{"h5ap_radio_sources":[],"footnotes":""},"categories":[99],"tags":[],"class_list":["post-27584","post","type-post","status-publish","format-standard","has-post-thumbnail","hentry","category-novedades"],"_links":{"self":[{"href":"https:\/\/www.teatrodelbicentenariosanjuan.org\/en\/wp-json\/wp\/v2\/posts\/27584","targetHints":{"allow":["GET"]}}],"collection":[{"href":"https:\/\/www.teatrodelbicentenariosanjuan.org\/en\/wp-json\/wp\/v2\/posts"}],"about":[{"href":"https:\/\/www.teatrodelbicentenariosanjuan.org\/en\/wp-json\/wp\/v2\/types\/post"}],"author":[{"embeddable":true,"href":"https:\/\/www.teatrodelbicentenariosanjuan.org\/en\/wp-json\/wp\/v2\/users\/22"}],"replies":[{"embeddable":true,"href":"https:\/\/www.teatrodelbicentenariosanjuan.org\/en\/wp-json\/wp\/v2\/comments?post=27584"}],"version-history":[{"count":3,"href":"https:\/\/www.teatrodelbicentenariosanjuan.org\/en\/wp-json\/wp\/v2\/posts\/27584\/revisions"}],"predecessor-version":[{"id":27589,"href":"https:\/\/www.teatrodelbicentenariosanjuan.org\/en\/wp-json\/wp\/v2\/posts\/27584\/revisions\/27589"}],"wp:featuredmedia":[{"embeddable":true,"href":"https:\/\/www.teatrodelbicentenariosanjuan.org\/en\/wp-json\/wp\/v2\/media\/27586"}],"wp:attachment":[{"href":"https:\/\/www.teatrodelbicentenariosanjuan.org\/en\/wp-json\/wp\/v2\/media?parent=27584"}],"wp:term":[{"taxonomy":"category","embeddable":true,"href":"https:\/\/www.teatrodelbicentenariosanjuan.org\/en\/wp-json\/wp\/v2\/categories?post=27584"},{"taxonomy":"post_tag","embeddable":true,"href":"https:\/\/www.teatrodelbicentenariosanjuan.org\/en\/wp-json\/wp\/v2\/tags?post=27584"}],"curies":[{"name":"wp","href":"https:\/\/api.w.org\/{rel}","templated":true}]}}