{"id":27598,"date":"2026-03-16T12:36:13","date_gmt":"2026-03-16T15:36:13","guid":{"rendered":"https:\/\/www.teatrodelbicentenariosanjuan.org\/?p=27598"},"modified":"2026-03-27T13:10:59","modified_gmt":"2026-03-27T16:10:59","slug":"el-teatro-del-bicentenario-convoca-a-bailarines-de-todo-el-pais-para-audicionar-en-carmina-burana","status":"publish","type":"post","link":"https:\/\/www.teatrodelbicentenariosanjuan.org\/en\/novedades\/el-teatro-del-bicentenario-convoca-a-bailarines-de-todo-el-pais-para-audicionar-en-carmina-burana\/","title":{"rendered":"El Teatro del Bicentenario convoca a bailarines de todo el pa\u00eds para audicionar en Carmina Burana"},"content":{"rendered":"<p>La convocatoria est\u00e1 dirigida a int\u00e9rpretes con <strong>nivel avanzado en danza cl\u00e1sica y contempor\u00e1nea y experiencia esc\u00e9nica<\/strong>, quienes tendr\u00e1n la posibilidad de integrar el elenco de esta destacada producci\u00f3n que se presentar\u00e1 en la Sala Principal del Teatro del Bicentenario con funciones los d\u00edas <strong>10, 11, 12 y 13 de junio<\/strong>.<\/p>\n\n\n\n<p>El <strong>Teatro del Bicentenario<\/strong>, dependiente del <strong>Ministerio de Turismo, Cultura y Deporte<\/strong>, abre la convocatoria a <strong>bailarinas y bailarines mayores de 18 a\u00f1os de todo el pa\u00eds<\/strong> para participar en las audiciones de la reconocida obra <strong>Carmina Burana<\/strong>, en versi\u00f3n coreogr\u00e1fica de <strong>Mauricio Wainrot<\/strong>, una de las piezas m\u00e1s emblem\u00e1ticas del repertorio de la danza contempor\u00e1nea argentina.<\/p>\n\n\n\n<p>La<strong> inscripci\u00f3n se abrir\u00e1 el d\u00eda 16 de marzo y se extender\u00e1 hasta el d\u00eda 9 de abril, a las 12 h<\/strong>. Las audiciones presenciales se realizar\u00e1n en dos sedes: la primera en <strong>San Juan<\/strong>, el d\u00eda&nbsp;<strong>12 de abril, a partir de las 11h, en la Sala de Danza del Teatro del Bicentenario<\/strong>, y la segunda en la <strong>Ciudad de Buenos Aires<\/strong>, el d\u00eda <strong>14 de abril en Piso2, Tte. Gral. Juan Domingo Per\u00f3n 146 (CABA)<\/strong>, a partir de las 13:00h. El <strong>informe de seleccionados se dar\u00e1 a conocer el d\u00eda 16 de abril<\/strong>.<br><br><br><\/p>\n\n\n\n<p>Los bailarines interesados deber\u00e1n enviar un video interpretando el fragmento de la coreograf\u00eda solicitada (link disponible en el formulario de inscripci\u00f3n) hasta el 9 de abril. El video deber\u00e1 estar filmado en c\u00e1mara fija frontal, con buena iluminaci\u00f3n y encuadre de cuerpo completo. No se admitir\u00e1n cortes ni ediciones. Se solicita utilizar ropa clara y al cuerpo \u2014evitando prendas sueltas\u2014 y llevar el cabello recogido.<\/p>\n\n\n\n<p><strong><em>Carmina Burana<\/em><\/strong>, la c\u00e9lebre cantata esc\u00e9nica compuesta por <strong>Carl Orff entre 1935 y 1936<\/strong>, es considerada una de las obras m\u00e1s impactantes del repertorio musical y coreogr\u00e1fico del siglo XX. En la versi\u00f3n coreogr\u00e1fica de <strong>Mauricio Wainrot<\/strong>, estrenada originalmente para el <strong>Royal Ballet de Flanders<\/strong> y luego interpretada por compa\u00f1\u00edas de todo el mundo, la obra se ha consolidado como una referencia internacional y un hito en la proyecci\u00f3n de la danza argentina.<\/p>\n\n\n\n<p>La puesta en escena se completa con la mirada creativa de <strong>Carlos Gallardo<\/strong>, colaborador hist\u00f3rico de Wainrot, cuya escenograf\u00eda y vestuario aportan una identidad visual distintiva a esta producci\u00f3n.<\/p>\n\n\n\n<p><strong>Requisitos<\/strong><\/p>\n\n\n\n<ul class=\"wp-block-list\">\n<li>Ser mayor de 18 a\u00f1os.<\/li>\n\n\n\n<li>Contar con s\u00f3lida t\u00e9cnica en danza cl\u00e1sica y contempor\u00e1nea.<\/li>\n\n\n\n<li>Tener experiencia esc\u00e9nica.<\/li>\n\n\n\n<li>Contar con disponibilidad para ensayos <strong>de lunes a viernes entre las 14h y las 20h y s\u00e1bados de 9 a 15h<\/strong>, desde el d\u00eda <strong>4 de mayo hasta el d\u00eda 13 de junio<\/strong> (excluyente), sujeto a plan de ensayos y funciones.<\/li>\n\n\n\n<li>Aprender la coreograf\u00eda solicitada<\/li>\n\n\n\n<li>Enviar un <strong>video con el fragmento de la coreograf\u00eda solicitada (link en el formulario de inscripci\u00f3n)<\/strong> hasta el <strong>9 de abril<\/strong>. El video deber\u00e1 ser filmado en <strong>c\u00e1mara fija frontal, con luz n\u00edtida, cuerpo completo, sin cortes ni ediciones, con ropa clara y al cuerpo (evitar ropa suelta) y cabello recogido<\/strong>.<\/li>\n\n\n\n<li>Completar el <strong>Formulario de inscripci\u00f3n<\/strong> disponible en la p\u00e1gina web del Teatro del Bicentenario.<\/li>\n<\/ul>\n\n\n\n<p><strong>Inscripci\u00f3n<\/strong><\/p>\n\n\n\n<p>Las personas interesadas deber\u00e1n completar el formulario correspondiente disponible en el sitio web del Teatro.<\/p>\n\n\n\n<p><strong>Inscripci\u00f3n:<\/strong> <a href=\"http:\/\/www.teatrodelbicentenariosanjuan.org\">\u00a0www.teatrodelbicentenariosanjuan.org<br><br><\/a><strong>Videos referencia para la audici\u00f3n:<\/strong><br>Coreograf\u00eda con m\u00fasica\u00a0<a href=\"https:\/\/youtu.be\/DZv5-M4Q02I\">https:\/\/youtu.be\/DZv5-M4Q02I<\/a>\u00a0<\/p>\n\n\n\n<p>Coreograf\u00eda con cuentas\u00a0<a href=\"https:\/\/youtu.be\/84lAA0O5fsU\">https:\/\/youtu.be\/84lAA0O5fsU<\/a>\u00a0<\/p>\n\n\n\n<p><strong>Formulario:<\/strong><a href=\"https:\/\/forms.gle\/HcXexAg3FVvmLztW7\">&nbsp;<\/a> <a href=\"https:\/\/forms.gle\/HcXexAg3FVvmLztW7\">https:\/\/forms.gle\/HcXexAg3FVvmLztW7<\/a><\/p>\n\n\n\n<p><\/p>\n\n\n\n<p><strong>Consultas:<\/strong>\u00a0<a href=\"mailto:audiciones.teatrobicentenario@gmail.com\">audiciones.teatrobicentenario@gmail.com<\/a><\/p>","protected":false},"excerpt":{"rendered":"<p>La convocatoria est\u00e1 dirigida a int\u00e9rpretes con nivel avanzado en danza cl\u00e1sica y contempor\u00e1nea y experiencia esc\u00e9nica, quienes tendr\u00e1n la posibilidad de integrar el elenco de esta destacada producci\u00f3n que se presentar\u00e1 en la Sala Principal del Teatro del Bicentenario con funciones los d\u00edas 10,&#8230;<\/p>","protected":false},"author":22,"featured_media":27603,"comment_status":"closed","ping_status":"closed","sticky":false,"template":"","format":"standard","meta":{"h5ap_radio_sources":[],"footnotes":""},"categories":[180,99],"tags":[],"class_list":["post-27598","post","type-post","status-publish","format-standard","has-post-thumbnail","hentry","category-destacado","category-novedades"],"_links":{"self":[{"href":"https:\/\/www.teatrodelbicentenariosanjuan.org\/en\/wp-json\/wp\/v2\/posts\/27598","targetHints":{"allow":["GET"]}}],"collection":[{"href":"https:\/\/www.teatrodelbicentenariosanjuan.org\/en\/wp-json\/wp\/v2\/posts"}],"about":[{"href":"https:\/\/www.teatrodelbicentenariosanjuan.org\/en\/wp-json\/wp\/v2\/types\/post"}],"author":[{"embeddable":true,"href":"https:\/\/www.teatrodelbicentenariosanjuan.org\/en\/wp-json\/wp\/v2\/users\/22"}],"replies":[{"embeddable":true,"href":"https:\/\/www.teatrodelbicentenariosanjuan.org\/en\/wp-json\/wp\/v2\/comments?post=27598"}],"version-history":[{"count":2,"href":"https:\/\/www.teatrodelbicentenariosanjuan.org\/en\/wp-json\/wp\/v2\/posts\/27598\/revisions"}],"predecessor-version":[{"id":27681,"href":"https:\/\/www.teatrodelbicentenariosanjuan.org\/en\/wp-json\/wp\/v2\/posts\/27598\/revisions\/27681"}],"wp:featuredmedia":[{"embeddable":true,"href":"https:\/\/www.teatrodelbicentenariosanjuan.org\/en\/wp-json\/wp\/v2\/media\/27603"}],"wp:attachment":[{"href":"https:\/\/www.teatrodelbicentenariosanjuan.org\/en\/wp-json\/wp\/v2\/media?parent=27598"}],"wp:term":[{"taxonomy":"category","embeddable":true,"href":"https:\/\/www.teatrodelbicentenariosanjuan.org\/en\/wp-json\/wp\/v2\/categories?post=27598"},{"taxonomy":"post_tag","embeddable":true,"href":"https:\/\/www.teatrodelbicentenariosanjuan.org\/en\/wp-json\/wp\/v2\/tags?post=27598"}],"curies":[{"name":"wp","href":"https:\/\/api.w.org\/{rel}","templated":true}]}}