{"id":27769,"date":"2026-04-28T11:06:41","date_gmt":"2026-04-28T14:06:41","guid":{"rendered":"https:\/\/www.teatrodelbicentenariosanjuan.org\/?p=27769"},"modified":"2026-04-28T11:06:45","modified_gmt":"2026-04-28T14:06:45","slug":"el-brote-una-obra-aclamada-y-multipremiada-que-desafia-los-limites-entre-realidad-y-ficcion-regresa-al-teatro-del-bicentenario","status":"publish","type":"post","link":"https:\/\/www.teatrodelbicentenariosanjuan.org\/en\/novedades\/el-brote-una-obra-aclamada-y-multipremiada-que-desafia-los-limites-entre-realidad-y-ficcion-regresa-al-teatro-del-bicentenario\/","title":{"rendered":"\u201cEL BROTE\u201d: UNA OBRA ACLAMADA Y MULTIPREMIADA QUE DESAF\u00cdA LOS L\u00cdMITES ENTRE REALIDAD Y FICCI\u00d3N REGRESA AL TEATRO DEL BICENTENARIO"},"content":{"rendered":"<p>La Sala Principal del Teatro del Bicentenario recibir\u00e1 a \u201cEl Brote\u201d, el reconocido multipremiado espect\u00e1culo de Compa\u00f1\u00eda Criolla que ha cautivado al p\u00fablico y a la cr\u00edtica tanto en Argentina como en el exterior. Ser\u00e1 el viernes 3 de julio, a las 21:30 hs. Las entradas ya se encuentran disponibles.<\/p>\n<p>\u00a0<\/p>\n<p>El Teatro del Bicentenario de San Juan, dependiente del Ministerio de Turismo, Cultura y Deporte, presenta El Brote, una obra que propone un inquietante recorrido por la mente de un actor que comienza a perder los l\u00edmites entre su vida personal y la ficci\u00f3n esc\u00e9nica. A medida que avanza la historia, surge una pregunta central que atraviesa toda la experiencia: \u00bfQu\u00e9 lugar ocupamos dentro del relato de nuestra propia vida?<\/p>\n<p>La obra est\u00e1 protagonizada por Roberto Peloni, uno de los artistas m\u00e1s destacados de su generaci\u00f3n, reconocido por su trayectoria en teatro musical y dram\u00e1tico, y galardonado con importantes premios como el Konex de Platino, Hugo de Oro y ATINA.<\/p>\n<p>Con dramaturgia y direcci\u00f3n de Emiliano Dionisi, referente de la escena contempor\u00e1nea cuyas obras han sido presentadas en diversos pa\u00edses, la propuesta se consolida como una experiencia teatral intensa, reflexiva y profundamente actual.<\/p>\n<p>Desde su estreno en 2023, El Brote ha recibido m\u00faltiples reconocimientos, incluyendo nominaciones a los Premios Trinidad Guevara y Premios Luisa Vehil, adem\u00e1s de haber sido distinguida como \u201cEspect\u00e1culo Cultural\u201d destacado por el Municipio de General Pueyrred\u00f3n.<\/p>\n<p>Con una duraci\u00f3n aproximada de 80 minutos, esta obra invita al espectador a introducirse en un universo donde la realidad y la ficci\u00f3n se entrelazan de forma inquietante, generando una experiencia tan atrapante como provocadora.<\/p>\n<p>La funci\u00f3n se llevar\u00e1 a cabo el viernes 3 de julio, a las 21:30hs, en la Sala Principal. Las entradas tienen valores de $40.000, $35.000 y $30.000, y pueden adquirirse en la boleter\u00eda del Teatro del Bicentenario o a trav\u00e9s de TuEntrada.com. Adem\u00e1s, el p\u00fablico podr\u00e1 acceder a un 20%descuento lanzamiento utilizando el c\u00f3digo: ELBROTE<\/p>\n<p>\u00a0<\/p>\n<p>EL BROTE: UN FEN\u00d3MENO TEATRAL QUE TRASCIENDE ESCENARIOS Y FRONTERAS<\/p>\n<p>Premiada, seleccionada y celebrada en m\u00faltiples festivales y circuitos internacionales, la obra se posiciona como una de las propuestas m\u00e1s s\u00f3lidas y relevantes del teatro actual.<\/p>\n<p>Nominaciones y premios<\/p>\n<ul>\n<li>SIRIPO 2026 \u2014 MEJOR OBRA NACIONAL PRESENTADA EN CORDOBA<\/li>\n<li>GANADORA FIESTA CABA INSTITUTO NACIONAL DEL TEATRO 2025<\/li>\n<li>OBRA SELECCIONADA PARA EL CAT\u00c1LOGO INT PRESENTA 2025<\/li>\n<li>PREMIOS TEATRO XXI MEJOR DIRECCI\u00d3N EMILIANO DIONISI 2025<\/li>\n<li>PREMIOS TEATRO XXI MEJOR ACTOR ROBERTO PELONI 2025<\/li>\n<li>NOMINADO PREMIOS MARIA GUERRERO 2024 MEJOR DIRECCI\u00d3N<\/li>\n<li>NOMINADO PREMIOS MARIA GUERRERO 2024 MEJOR DISE\u00d1O DE ILUMINACI\u00d3N<\/li>\n<li>PREMIO ESTRELLA DE MAR 2024 &#8211; MEJOR AUTOR<\/li>\n<li>PREMIO ESTRELLA DE MAR 2024 &#8211; MEJOR DIRECCI\u00d3N<\/li>\n<li>PREMIO ESTRELLA DE MAR 2024 \u2013 NOMINADO MEJOR ACTOR EN UNIPERSONAL.<\/li>\n<li>PREMIO FLORENCIO 2024 MEJOR ESPECT\u00c1CULO EXTRANJERO (URUGUAY)<\/li>\n<li>OBRA SELECCIONADA PARA EL CAT\u00c1LOGO GIRART PUERTA AL MUNDO 2024<\/li>\n<li>OBRA SELECCIONADA PARA EL CAT\u00c0LOGO REDELAE 2024 (Red Eurolatinoamericana de Artes Esc\u00e9nicas)<\/li>\n<li>PREMIO ACE MEJOR ACTOR 2023<\/li>\n<li>PREMIO ACE MEJOR AUTOR 2023<\/li>\n<li>PREMIO EEBA 2023 MEJOR ACTOR<\/li>\n<li>PREMIO EEBA 2023 MEJOR AUTOR\/DIRECTOR.<\/li>\n<li>PREMIO TRINIDAD GUEVARA 2023 MEJOR DISE\u00d1O DE ILUMINACI\u00d3N<\/li>\n<li>NOMINADO PREMIOS TRINIDAD GUEVARA 2023 MEJOR ACTOR<\/li>\n<li>NOMINADO PREMIOS TRINIDAD GUEVARA 2023 MEJOR DIRECCI\u00d3N<\/li>\n<li>NOMINADO PREMIOS TRINIDAD GUEVARA 2023 MEJOR DISE\u00d1O DE ESCENOGRAF\u00cdA<\/li>\n<li>NOMINADO PREMIOS LUISA VEHIL 2023 MEJOR ACTOR<\/li>\n<li>NOMINADO PREMIOS LUISA VEHIL 2023 MEJOR DRAMATURGIA<\/li>\n<li>NOMINADO PREMIOS LUISA VEHIL 2023 MEJOR DISE\u00d1O DE ILUMINACI\u00d3N.<\/li>\n<li>PREMIO MAYOR TEATRO DEL MUNDO 2023 MEJOR DRAMATURGIA<\/li>\n<li>PREMIO MAYOR TEATRO DEL MUNDO MEJOR ACTOR<\/li>\n<li>OBRA DISTINGUIDA Y CONSIDERADA DE INTER\u00c9S CULTURAL POR EL HONORABLE CONSEJO DELIBERANTE DE LA MUNICIPALIDAD DE GENERAL PUEYRRED\u00d3N<\/li>\n<\/ul>","protected":false},"excerpt":{"rendered":"<p>La Sala Principal del Teatro del Bicentenario recibir\u00e1 a \u201cEl Brote\u201d, el reconocido multipremiado espect\u00e1culo de Compa\u00f1\u00eda Criolla que ha cautivado al p\u00fablico y a la cr\u00edtica tanto en Argentina como en el exterior. Ser\u00e1 el viernes 3 de julio, a las 21:30 hs. Las&#8230;<\/p>","protected":false},"author":22,"featured_media":27770,"comment_status":"closed","ping_status":"closed","sticky":false,"template":"","format":"standard","meta":{"h5ap_radio_sources":[],"footnotes":""},"categories":[99],"tags":[],"class_list":["post-27769","post","type-post","status-publish","format-standard","has-post-thumbnail","hentry","category-novedades"],"_links":{"self":[{"href":"https:\/\/www.teatrodelbicentenariosanjuan.org\/en\/wp-json\/wp\/v2\/posts\/27769","targetHints":{"allow":["GET"]}}],"collection":[{"href":"https:\/\/www.teatrodelbicentenariosanjuan.org\/en\/wp-json\/wp\/v2\/posts"}],"about":[{"href":"https:\/\/www.teatrodelbicentenariosanjuan.org\/en\/wp-json\/wp\/v2\/types\/post"}],"author":[{"embeddable":true,"href":"https:\/\/www.teatrodelbicentenariosanjuan.org\/en\/wp-json\/wp\/v2\/users\/22"}],"replies":[{"embeddable":true,"href":"https:\/\/www.teatrodelbicentenariosanjuan.org\/en\/wp-json\/wp\/v2\/comments?post=27769"}],"version-history":[{"count":2,"href":"https:\/\/www.teatrodelbicentenariosanjuan.org\/en\/wp-json\/wp\/v2\/posts\/27769\/revisions"}],"predecessor-version":[{"id":27773,"href":"https:\/\/www.teatrodelbicentenariosanjuan.org\/en\/wp-json\/wp\/v2\/posts\/27769\/revisions\/27773"}],"wp:featuredmedia":[{"embeddable":true,"href":"https:\/\/www.teatrodelbicentenariosanjuan.org\/en\/wp-json\/wp\/v2\/media\/27770"}],"wp:attachment":[{"href":"https:\/\/www.teatrodelbicentenariosanjuan.org\/en\/wp-json\/wp\/v2\/media?parent=27769"}],"wp:term":[{"taxonomy":"category","embeddable":true,"href":"https:\/\/www.teatrodelbicentenariosanjuan.org\/en\/wp-json\/wp\/v2\/categories?post=27769"},{"taxonomy":"post_tag","embeddable":true,"href":"https:\/\/www.teatrodelbicentenariosanjuan.org\/en\/wp-json\/wp\/v2\/tags?post=27769"}],"curies":[{"name":"wp","href":"https:\/\/api.w.org\/{rel}","templated":true}]}}