{"id":27780,"date":"2026-04-29T10:00:07","date_gmt":"2026-04-29T13:00:07","guid":{"rendered":"https:\/\/www.teatrodelbicentenariosanjuan.org\/?p=27780"},"modified":"2026-04-29T10:00:12","modified_gmt":"2026-04-29T13:00:12","slug":"el-teatro-del-bicentenario-invita-a-coreografos-bailarines-y-companias-a-ser-parte-de-danza-en-el-hall","status":"publish","type":"post","link":"https:\/\/www.teatrodelbicentenariosanjuan.org\/en\/novedades\/el-teatro-del-bicentenario-invita-a-coreografos-bailarines-y-companias-a-ser-parte-de-danza-en-el-hall\/","title":{"rendered":"EL TEATRO DEL BICENTENARIO INVITA A CORE\u00d3GRAFOS, BAILARINES Y COMPA\u00d1\u00ccAS A SER PARTE DE \u201cDANZA EN EL HALL\u201d"},"content":{"rendered":"<p>En el marco de su 10\u00b0 aniversario, el Teatro del Bicentenario presenta \u201cDanza en el Hall \u2013 1\u00b0 Encuentro\u201d, una propuesta que invita a core\u00f3grafos, bailarines y compa\u00f1\u00edas a intervenir el Hall Principal con obras ya estrenadas, en un formato innovador y de acceso libre y gratuito para el p\u00fablico.<\/p>\n<p>La iniciativa, que se lanza en conmemoraci\u00f3n del D\u00eda Internacional de la Danza, propone transformar un espacio no convencional en un punto de encuentro directo entre artistas y comunidad. A trav\u00e9s de esta convocatoria, el Teatro busca jerarquizar el trabajo coreogr\u00e1fico, fomentar la visibilidad del sector y generar nuevas formas de habitar su arquitectura desde el movimiento.<\/p>\n<p>\u201cDanza en el Hall\u201d se presenta como una plataforma profesional destinada a fortalecer el ecosistema cultural regional, promoviendo instancias de producci\u00f3n colaborativa y acercando nuevas est\u00e9ticas al p\u00fablico en su vida cotidiana. La propuesta apunta a democratizar el acceso al arte, permitiendo una experiencia cercana, espont\u00e1nea y directa.<\/p>\n<p>La convocatoria estar\u00e1 abierta desde el 29 de abril hasta el 1 de junio de 2026, a trav\u00e9s de un formulario disponible en el sitio web oficial del Teatro \u00abForm\u00e1 Parte\u00bb. Los proyectos seleccionados ser\u00e1n notificados el 6 de junio.<\/p>\n<p>El ciclo de presentaciones se desarrollar\u00e1 los d\u00edas s\u00e1bados de 17:00 a 20:00 h, con funciones programadas a partir de junio y fechas de reserva previstas.<\/p>\n<p>El Teatro del Bicentenario acompa\u00f1ar\u00e1 integralmente la realizaci\u00f3n del ciclo, brindando el espacio, soporte t\u00e9cnico, operativo y difusi\u00f3n de las propuestas, adem\u00e1s de garantizar las condiciones necesarias para el desarrollo profesional de las intervenciones.<\/p>\n<p>\u00a0<\/p>\n<p>Info: audiciones.teatrobicentenario@gmail.com<br \/>link de inscription: https:\/\/forms.gle\/5fp61eTxmoMBvvpi9\u00a0<\/p>\n<p>\u00a0<\/p>\n<p>\u00a0<\/p>\n<p>\u00a0<\/p>","protected":false},"excerpt":{"rendered":"<p>En el marco de su 10\u00b0 aniversario, el Teatro del Bicentenario presenta \u201cDanza en el Hall \u2013 1\u00b0 Encuentro\u201d, una propuesta que invita a core\u00f3grafos, bailarines y compa\u00f1\u00edas a intervenir el Hall Principal con obras ya estrenadas, en un formato innovador y de acceso libre&#8230;<\/p>","protected":false},"author":22,"featured_media":27781,"comment_status":"closed","ping_status":"closed","sticky":false,"template":"","format":"standard","meta":{"h5ap_radio_sources":[],"footnotes":""},"categories":[99],"tags":[],"class_list":["post-27780","post","type-post","status-publish","format-standard","has-post-thumbnail","hentry","category-novedades"],"_links":{"self":[{"href":"https:\/\/www.teatrodelbicentenariosanjuan.org\/en\/wp-json\/wp\/v2\/posts\/27780","targetHints":{"allow":["GET"]}}],"collection":[{"href":"https:\/\/www.teatrodelbicentenariosanjuan.org\/en\/wp-json\/wp\/v2\/posts"}],"about":[{"href":"https:\/\/www.teatrodelbicentenariosanjuan.org\/en\/wp-json\/wp\/v2\/types\/post"}],"author":[{"embeddable":true,"href":"https:\/\/www.teatrodelbicentenariosanjuan.org\/en\/wp-json\/wp\/v2\/users\/22"}],"replies":[{"embeddable":true,"href":"https:\/\/www.teatrodelbicentenariosanjuan.org\/en\/wp-json\/wp\/v2\/comments?post=27780"}],"version-history":[{"count":1,"href":"https:\/\/www.teatrodelbicentenariosanjuan.org\/en\/wp-json\/wp\/v2\/posts\/27780\/revisions"}],"predecessor-version":[{"id":27782,"href":"https:\/\/www.teatrodelbicentenariosanjuan.org\/en\/wp-json\/wp\/v2\/posts\/27780\/revisions\/27782"}],"wp:featuredmedia":[{"embeddable":true,"href":"https:\/\/www.teatrodelbicentenariosanjuan.org\/en\/wp-json\/wp\/v2\/media\/27781"}],"wp:attachment":[{"href":"https:\/\/www.teatrodelbicentenariosanjuan.org\/en\/wp-json\/wp\/v2\/media?parent=27780"}],"wp:term":[{"taxonomy":"category","embeddable":true,"href":"https:\/\/www.teatrodelbicentenariosanjuan.org\/en\/wp-json\/wp\/v2\/categories?post=27780"},{"taxonomy":"post_tag","embeddable":true,"href":"https:\/\/www.teatrodelbicentenariosanjuan.org\/en\/wp-json\/wp\/v2\/tags?post=27780"}],"curies":[{"name":"wp","href":"https:\/\/api.w.org\/{rel}","templated":true}]}}