{"id":27786,"date":"2026-04-30T16:34:14","date_gmt":"2026-04-30T19:34:14","guid":{"rendered":"https:\/\/www.teatrodelbicentenariosanjuan.org\/?p=27786"},"modified":"2026-04-30T16:34:17","modified_gmt":"2026-04-30T19:34:17","slug":"dia-de-la-danza-en-el-teatro-del-bicentenario-el-teatro-se-convirtio-en-aula-viva","status":"publish","type":"post","link":"https:\/\/www.teatrodelbicentenariosanjuan.org\/en\/novedades\/dia-de-la-danza-en-el-teatro-del-bicentenario-el-teatro-se-convirtio-en-aula-viva\/","title":{"rendered":"D\u00eda de la Danza en el Teatro del Bicentenario: el Teatro se convirti\u00f3 en aula viva"},"content":{"rendered":"<p><br>En el marco del D\u00eda Internacional de la Danza, estudiantes de institutos de danza fueron parte de \u201cUn d\u00eda en el TB\u201d, una experiencia que les permiti\u00f3 conocer desde adentro el universo profesional del ballet y la danza.<\/p>\n\n\n\n<p>El Teatro del Bicentenario, dependiente del Ministerio de Turismo, Cultura y Deporte, recibi\u00f3 a alumnos del Instituto de Danza Allegro para vivir \u201cUn d\u00eda en el TB: Viv\u00ed la experiencia de la danza y el ballet\u201d, una propuesta dise\u00f1ada para acercar a las nuevas generaciones al quehacer art\u00edstico en un entorno profesional.<br>Lejos de una visita tradicional, la jornada invit\u00f3 a los estudiantes a habitar el teatro desde una perspectiva real: recorrer sala de ensayo de danza, la sala de caracterizaci\u00f3n, y, fundamentalmente, pisar el escenario donde se gestan producciones de gran despliegue art\u00edstico y t\u00e9cnico. Para muchos, fue su primer contacto con un espacio de estas caracter\u00edsticas, y sus caras de asombro conmovieron a todos los presentes.<br>Durante la actividad, los participantes no solo observaron, sino que se integraron al ritmo cotidiano del teatro, compartiendo el mismo \u00e1mbito en el que artistas y equipos t\u00e9cnicos desarrollan su labor. Esta experiencia directa fortaleci\u00f3 su vocaci\u00f3n y les permiti\u00f3 proyectarse con mayor claridad dentro del mundo de la danza.<br>\u201cCuando entr\u00e9 al escenario sent\u00ed que era parte de algo muy grande. Ahora s\u00e9 que quiero estar ah\u00ed alg\u00fan d\u00eda, pero de verdad\u201d, expres\u00f3 Sof\u00eda, alumna del Instituto Allegro, reflejando el impacto de la jornada.<br>Al finalizar la experiencia, cada bailarina recibi\u00f3 un presente simb\u00f3lico de danza: una delicada bolsita con el logo del teatro realizada por los talleres del teatro concebida como un recuerdo significativo de su paso por el Teatro del Bicentenario. M\u00e1s que un objeto, este gesto representa el valor del esfuerzo, la dedicaci\u00f3n y el camino que cada persona comienza a transitar, acompa\u00f1\u00e1ndolas como s\u00edmbolo de motivaci\u00f3n y proyecci\u00f3n dentro del mundo de la danza.<br>Estas iniciativas acercan oportunidades concretas a j\u00f3venes estudiantes sanjuaninos, fortaleciendo el v\u00ednculo entre la formaci\u00f3n y la pr\u00e1ctica profesional. A trav\u00e9s de estas propuestas, el Teatro del Bicentenario fortalece su rol como puente entre el aprendizaje y el desarrollo art\u00edstico, acompa\u00f1ando a las nuevas generaciones en la construcci\u00f3n de su camino con herramientas art\u00edsticas, inspiraci\u00f3n y sentido de pertenencia.<\/p>","protected":false},"excerpt":{"rendered":"<p>En el marco del D\u00eda Internacional de la Danza, estudiantes de institutos de danza fueron parte de \u201cUn d\u00eda en el TB\u201d, una experiencia que les permiti\u00f3 conocer desde adentro el universo profesional del ballet y la danza. El Teatro del Bicentenario, dependiente del Ministerio&#8230;<\/p>","protected":false},"author":22,"featured_media":27787,"comment_status":"closed","ping_status":"closed","sticky":false,"template":"","format":"standard","meta":{"h5ap_radio_sources":[],"footnotes":""},"categories":[99],"tags":[],"class_list":["post-27786","post","type-post","status-publish","format-standard","has-post-thumbnail","hentry","category-novedades"],"_links":{"self":[{"href":"https:\/\/www.teatrodelbicentenariosanjuan.org\/en\/wp-json\/wp\/v2\/posts\/27786","targetHints":{"allow":["GET"]}}],"collection":[{"href":"https:\/\/www.teatrodelbicentenariosanjuan.org\/en\/wp-json\/wp\/v2\/posts"}],"about":[{"href":"https:\/\/www.teatrodelbicentenariosanjuan.org\/en\/wp-json\/wp\/v2\/types\/post"}],"author":[{"embeddable":true,"href":"https:\/\/www.teatrodelbicentenariosanjuan.org\/en\/wp-json\/wp\/v2\/users\/22"}],"replies":[{"embeddable":true,"href":"https:\/\/www.teatrodelbicentenariosanjuan.org\/en\/wp-json\/wp\/v2\/comments?post=27786"}],"version-history":[{"count":1,"href":"https:\/\/www.teatrodelbicentenariosanjuan.org\/en\/wp-json\/wp\/v2\/posts\/27786\/revisions"}],"predecessor-version":[{"id":27788,"href":"https:\/\/www.teatrodelbicentenariosanjuan.org\/en\/wp-json\/wp\/v2\/posts\/27786\/revisions\/27788"}],"wp:featuredmedia":[{"embeddable":true,"href":"https:\/\/www.teatrodelbicentenariosanjuan.org\/en\/wp-json\/wp\/v2\/media\/27787"}],"wp:attachment":[{"href":"https:\/\/www.teatrodelbicentenariosanjuan.org\/en\/wp-json\/wp\/v2\/media?parent=27786"}],"wp:term":[{"taxonomy":"category","embeddable":true,"href":"https:\/\/www.teatrodelbicentenariosanjuan.org\/en\/wp-json\/wp\/v2\/categories?post=27786"},{"taxonomy":"post_tag","embeddable":true,"href":"https:\/\/www.teatrodelbicentenariosanjuan.org\/en\/wp-json\/wp\/v2\/tags?post=27786"}],"curies":[{"name":"wp","href":"https:\/\/api.w.org\/{rel}","templated":true}]}}