{"id":28109,"date":"2026-08-31T12:38:13","date_gmt":"2026-08-31T15:38:13","guid":{"rendered":"https:\/\/www.teatrodelbicentenariosanjuan.org\/?p=28109"},"modified":"2026-08-31T12:38:16","modified_gmt":"2026-08-31T15:38:16","slug":"el-teatro-del-bicentenario-presenta-su-agenda-de-septiembre-con-musica-teatro-y-danza","status":"publish","type":"post","link":"https:\/\/www.teatrodelbicentenariosanjuan.org\/en\/novedades\/el-teatro-del-bicentenario-presenta-su-agenda-de-septiembre-con-musica-teatro-y-danza\/","title":{"rendered":"El Teatro del Bicentenario presenta su agenda de septiembre con m\u00fasica, teatro y danza"},"content":{"rendered":"<h1 class=\"wp-block-heading\"><strong>La programaci\u00f3n re\u00fane propuestas de m\u00fasica, teatro y danza, junto con funciones escolares, experiencias accesibles y visitas especiales durante todo el mes<\/strong><\/h1>\n\n\n\n<p class=\"wp-block-paragraph\">El Teatro del Bicentenario, dependiente del Ministerio de Turismo, Cultura y Deporte, presenta su agenda de septiembre con una programaci\u00f3n que re\u00fane m\u00fasica, teatro, danza y propuestas de formaci\u00f3n. Las actividades se desarrollar\u00e1n en la Sala Principal, la Sala Audit\u00f3rium y otros espacios de la instituci\u00f3n.<\/p>\n\n\n\n<p class=\"wp-block-paragraph\">La <strong>Main Concert Hall<\/strong> ser\u00e1 escenario de una variada programaci\u00f3n que incluir\u00e1 nuevas funciones de <em>Moliendo a Moli\u00e8re<\/em>, producci\u00f3n integral del Teatro del Bicentenario con libro y direcci\u00f3n de Emiliano Dionisi. La propuesta tendr\u00e1 funciones para p\u00fablico general, presentaciones destinadas a instituciones educativas y experiencias especialmente dise\u00f1adas para personas con discapacidad.<\/p>\n\n\n\n<p class=\"wp-block-paragraph\">En el marco de <em>Moliendo a Moli\u00e8re<\/em>, el Teatro desarrollar\u00e1 distintas <strong>acciones de accesibilidad<\/strong> para favorecer el acceso a las artes esc\u00e9nicas. La programaci\u00f3n contempla un ensayo general distendido para personas con TEA, una funci\u00f3n con taller vivencial para personas con discapacidad intelectual o del desarrollo, una visita t\u00e1ctil para personas con discapacidad visual y una funci\u00f3n con int\u00e9rpretes de Lengua de Se\u00f1as Argentina para personas con discapacidad auditiva.<\/p>\n\n\n\n<p class=\"wp-block-paragraph\">El <strong>jueves 10 de septiembre, a las 15 h<\/strong>, se realizar\u00e1 un <strong>ensayo general distendido<\/strong>, destinado a personas con Trastorno del Espectro Autista (TEA) y otras condiciones que requieren un entorno adaptado. Se implementar\u00e1n recursos espec\u00edficos para favorecer un espacio predecible, cuidado y confortable.<\/p>\n\n\n\n<p class=\"wp-block-paragraph\">El <strong>martes 15 de septiembre, a las 15 h<\/strong>, tendr\u00e1 lugar una funci\u00f3n destinada a <strong>personas con discapacidad intelectual o del desarrollo<\/strong>. Luego de la presentaci\u00f3n, a las <strong>16:30 h<\/strong>, se realizar\u00e1 un <strong>taller vivencial inclusivo<\/strong>, con una propuesta participativa vinculada con los personajes, la historia y el universo esc\u00e9nico de la obra.<\/p>\n\n\n\n<p class=\"wp-block-paragraph\">El <strong>mi\u00e9rcoles 16 de septiembre, a las 15 h<\/strong>, se ofrecer\u00e1 una funci\u00f3n para <strong>personas con discapacidad visual<\/strong>. Previamente, a las <strong>14 h<\/strong>, se desarrollar\u00e1 una <strong>visita t\u00e1ctil sobre el escenario<\/strong>, donde los participantes podr\u00e1n explorar elementos de la escenograf\u00eda, el vestuario y los objetos utilizados en la puesta.<\/p>\n\n\n\n<p class=\"wp-block-paragraph\">Por \u00faltimo, el <strong>s\u00e1bado 19 de septiembre, a las 18 h<\/strong>, se realizar\u00e1 una funci\u00f3n destinada a <strong>personas con discapacidad auditiva<\/strong>, que contar\u00e1 con <strong>int\u00e9rpretes de Lengua de Se\u00f1as Argentina (LSA)<\/strong> y recursos adaptados para favorecer el acceso a la producci\u00f3n sin barreras comunicacionales.<\/p>\n\n\n\n<p class=\"wp-block-paragraph\">Las acciones estar\u00e1n acompa\u00f1adas por personal capacitado y equipos especializados, con el objetivo de construir experiencias culturales inclusivas, respetuosas y enriquecedoras para los distintos p\u00fablicos.<\/p>\n\n\n\n<p class=\"wp-block-paragraph\">Adem\u00e1s, <em>Moliendo a Moli\u00e8re<\/em> ofrecer\u00e1 <strong>funciones escolares<\/strong> el <strong>lunes 14, martes 15, mi\u00e9rcoles 16 y jueves 17 de septiembre<\/strong>, a las <strong>10:30 y 15 h<\/strong>, en el marco del Programa de Introducci\u00f3n al Arte para la Ni\u00f1ez y Adolescencia. La propuesta busca acercar a ni\u00f1as, ni\u00f1os y adolescentes a las artes esc\u00e9nicas como espacio de aprendizaje, encuentro y formaci\u00f3n cultural.<\/p>\n\n\n\n<p class=\"wp-block-paragraph\">Las funciones para p\u00fablico general de <em>Moliendo a Moli\u00e8re<\/em> ser\u00e1n el <strong>s\u00e1bado 12<\/strong> y el <strong>s\u00e1bado 19 de septiembre<\/strong>, a las <strong>18 h<\/strong>, en la Sala Principal.<\/p>\n\n\n\n<p class=\"wp-block-paragraph\">La agenda de la Sala Principal continuar\u00e1 con la presentaci\u00f3n de <strong>Elena Roger<\/strong>, quien llegar\u00e1 al Teatro del Bicentenario con su propuesta de concierto. Tambi\u00e9n se presentar\u00e1 la <strong>Orquesta Sinf\u00f3nica Nacional<\/strong>, mientras que <strong>La Delio Valdez<\/strong> llegar\u00e1 a San Juan con un espect\u00e1culo previsto para el jueves 24 de septiembre.<\/p>\n\n\n\n<p class=\"wp-block-paragraph\">Por su parte, la <strong>Sala Audit\u00f3rium<\/strong> ofrecer\u00e1 propuestas vinculadas con diferentes expresiones musicales y de danza. La programaci\u00f3n comenzar\u00e1 con <em>Qanticum<\/em>, a cargo del Coro Qantu Coral, y continuar\u00e1 con <em>El Gran Viaje<\/em>, de Gringos Turistas, y un <em>Tablao Flamenco<\/em>.<\/p>\n\n\n\n<p class=\"wp-block-paragraph\">Hacia el cierre del mes, la Sala Audit\u00f3rium recibir\u00e1 <em>El hijo bastardo<\/em>, propuesta de Despu\u00e9s de Viejos, que completar\u00e1 la programaci\u00f3n art\u00edstica de septiembre.<\/p>\n\n\n\n<p class=\"wp-block-paragraph\">Adem\u00e1s, el Teatro continuar\u00e1 con las <strong>Experiencias TB<\/strong>, destinadas a acercar al p\u00fablico a diferentes espacios y propuestas de la instituci\u00f3n. En esta oportunidad, se realizar\u00e1 una visita especial en ingl\u00e9s el <strong>mi\u00e9rcoles 30 de septiembre, a las 10:30 h<\/strong>.<\/p>\n\n\n\n<p class=\"wp-block-paragraph\">De esta manera, el Teatro del Bicentenario propone durante septiembre una agenda que combina distintas disciplinas art\u00edsticas con acciones de formaci\u00f3n y accesibilidad. La programaci\u00f3n fortalece el acceso de la comunidad a propuestas culturales y ampl\u00eda las posibilidades de participaci\u00f3n de distintos p\u00fablicos.<\/p>\n\n\n\n<h2 class=\"wp-block-heading\"><strong>Agenda de septiembre<\/strong><\/h2>\n\n\n\n<h3 class=\"wp-block-heading\"><strong>Main Concert Hall<\/strong><\/h3>\n\n\n\n<p class=\"wp-block-paragraph\"><strong>S\u00e1bado 12 y s\u00e1bado 19 | 18 h<\/strong><strong><br><\/strong><strong>Moliendo a Moli\u00e8re<\/strong><strong><br><\/strong><em>Teatro \u2013 M\u00fasica \u2013 Danza<\/em><\/p>\n\n\n\n<p class=\"wp-block-paragraph\"><strong>Lunes 14 al jueves 17 | 10:30 y 15 h<\/strong><strong><br><\/strong><strong>Moliendo a Moli\u00e8re \u2013 Funciones escolares<\/strong><strong><br><\/strong><em>Teatro \u2013 M\u00fasica \u2013 Danza<\/em><\/p>\n\n\n\n<p class=\"wp-block-paragraph\"><strong>Domingo 20 | 20 h<\/strong><strong><br><\/strong><strong>Elena Roger<\/strong><strong><br><\/strong><em>Concierto<\/em><\/p>\n\n\n\n<p class=\"wp-block-paragraph\"><strong>Jueves 24 | 22 h<\/strong><strong><br><\/strong><strong>La Delio Valdez<\/strong><strong><br><\/strong><em>Show<\/em><\/p>\n\n\n\n<p class=\"wp-block-paragraph\"><strong>Domingo 27 | 20 h<\/strong><strong><br><\/strong><strong>Orquesta Sinf\u00f3nica Nacional<\/strong><strong><br><\/strong><em>Concierto<\/em><\/p>\n\n\n\n<h3 class=\"wp-block-heading\"><strong>Experiencias accesibles de Moliendo a Moli\u00e8re<\/strong><\/h3>\n\n\n\n<p class=\"wp-block-paragraph\"><strong>Jueves 10 | 15 h<\/strong><strong><br><\/strong><strong>Ensayo general distendido<\/strong><strong><br><\/strong><em>Personas con TEA y otras condiciones que requieren un entorno adaptado<\/em><\/p>\n\n\n\n<p class=\"wp-block-paragraph\"><strong>Martes 15 | 15 h<\/strong><strong><br><\/strong><strong>Funci\u00f3n accesible para personas con discapacidad intelectual o del desarrollo<\/strong><strong><br><\/strong><strong>16:30 h | Taller vivencial inclusivo<\/strong><\/p>\n\n\n\n<p class=\"wp-block-paragraph\"><strong>Mi\u00e9rcoles 16 | 14 h<\/strong><strong><br><\/strong><strong>Visita t\u00e1ctil<\/strong><strong><br><\/strong><em>Personas con discapacidad visual<\/em><\/p>\n\n\n\n<p class=\"wp-block-paragraph\"><strong>Mi\u00e9rcoles 16 | 15 h<\/strong><strong><br><\/strong><strong>Funci\u00f3n accesible para personas con discapacidad visual<\/strong><\/p>\n\n\n\n<p class=\"wp-block-paragraph\"><strong>S\u00e1bado 19 | 18 h<\/strong><strong><br><\/strong><strong>Funci\u00f3n accesible para personas con discapacidad auditiva<\/strong><strong><br><\/strong><em>Interpretaci\u00f3n en Lengua de Se\u00f1as Argentina<\/em><\/p>\n\n\n\n<h3 class=\"wp-block-heading\"><strong>Sala Audit\u00f3rium<\/strong><\/h3>\n\n\n\n<p class=\"wp-block-paragraph\"><strong>Jueves 3 | 21 h<\/strong><strong><br><\/strong><strong>Qanticum \u2013 Coro Qantu Coral<\/strong><strong><br><\/strong><em>Concierto<\/em><\/p>\n\n\n\n<p class=\"wp-block-paragraph\"><strong>Viernes 4 | 21:30 h<\/strong><strong><br><\/strong><strong>El Gran Viaje \u2013 Gringos Turistas<\/strong><strong><br><\/strong><em>M\u00fasica<\/em><\/p>\n\n\n\n<p class=\"wp-block-paragraph\"><strong>Domingo 6 | 19:30 h<\/strong><strong><br><\/strong><strong>Tablao Flamenco<\/strong><strong><br><\/strong><em>Danza<\/em><\/p>\n\n\n\n<p class=\"wp-block-paragraph\"><strong>S\u00e1bado 26 | 21:30 h<\/strong><strong><br><\/strong><strong>El hijo bastardo \u2013 Despu\u00e9s de Viejos<\/strong><strong><br><\/strong><em>M\u00fasica<\/em><\/p>\n\n\n\n<h3 class=\"wp-block-heading\"><strong>Experiencias TB<\/strong><\/h3>\n\n\n\n<p class=\"wp-block-paragraph\"><strong>Mi\u00e9rcoles 30 | 10:30 h<\/strong><strong><br><\/strong><strong>Experiencia TB en Ingl\u00e9s<\/strong><strong><br><\/strong><em>Visita especial<\/em><\/p>","protected":false},"excerpt":{"rendered":"<p>La programaci\u00f3n re\u00fane propuestas de m\u00fasica, teatro y danza, junto con funciones escolares, experiencias accesibles y visitas especiales durante todo el mes El Teatro del Bicentenario, dependiente del Ministerio de Turismo, Cultura y Deporte, presenta su agenda de septiembre con una programaci\u00f3n que re\u00fane m\u00fasica,&#8230;<\/p>","protected":false},"author":22,"featured_media":28110,"comment_status":"closed","ping_status":"closed","sticky":false,"template":"","format":"standard","meta":{"h5ap_radio_sources":[],"footnotes":""},"categories":[99],"tags":[],"class_list":["post-28109","post","type-post","status-publish","format-standard","has-post-thumbnail","hentry","category-novedades"],"_links":{"self":[{"href":"https:\/\/www.teatrodelbicentenariosanjuan.org\/en\/wp-json\/wp\/v2\/posts\/28109","targetHints":{"allow":["GET"]}}],"collection":[{"href":"https:\/\/www.teatrodelbicentenariosanjuan.org\/en\/wp-json\/wp\/v2\/posts"}],"about":[{"href":"https:\/\/www.teatrodelbicentenariosanjuan.org\/en\/wp-json\/wp\/v2\/types\/post"}],"author":[{"embeddable":true,"href":"https:\/\/www.teatrodelbicentenariosanjuan.org\/en\/wp-json\/wp\/v2\/users\/22"}],"replies":[{"embeddable":true,"href":"https:\/\/www.teatrodelbicentenariosanjuan.org\/en\/wp-json\/wp\/v2\/comments?post=28109"}],"version-history":[{"count":1,"href":"https:\/\/www.teatrodelbicentenariosanjuan.org\/en\/wp-json\/wp\/v2\/posts\/28109\/revisions"}],"predecessor-version":[{"id":28111,"href":"https:\/\/www.teatrodelbicentenariosanjuan.org\/en\/wp-json\/wp\/v2\/posts\/28109\/revisions\/28111"}],"wp:featuredmedia":[{"embeddable":true,"href":"https:\/\/www.teatrodelbicentenariosanjuan.org\/en\/wp-json\/wp\/v2\/media\/28110"}],"wp:attachment":[{"href":"https:\/\/www.teatrodelbicentenariosanjuan.org\/en\/wp-json\/wp\/v2\/media?parent=28109"}],"wp:term":[{"taxonomy":"category","embeddable":true,"href":"https:\/\/www.teatrodelbicentenariosanjuan.org\/en\/wp-json\/wp\/v2\/categories?post=28109"},{"taxonomy":"post_tag","embeddable":true,"href":"https:\/\/www.teatrodelbicentenariosanjuan.org\/en\/wp-json\/wp\/v2\/tags?post=28109"}],"curies":[{"name":"wp","href":"https:\/\/api.w.org\/{rel}","templated":true}]}}