{"id":28114,"date":"2026-08-31T14:28:25","date_gmt":"2026-08-31T17:28:25","guid":{"rendered":"https:\/\/www.teatrodelbicentenariosanjuan.org\/?p=28114"},"modified":"2026-08-31T14:28:28","modified_gmt":"2026-08-31T17:28:28","slug":"moliendo-a-moliere-el-teatro-del-bicentenario-amplia-el-acceso-a-las-artes-escenicas","status":"publish","type":"post","link":"https:\/\/www.teatrodelbicentenariosanjuan.org\/en\/novedades\/moliendo-a-moliere-el-teatro-del-bicentenario-amplia-el-acceso-a-las-artes-escenicas\/","title":{"rendered":"Moliendo a Moli\u00e8re: el Teatro del Bicentenario ampl\u00eda el acceso a las artes esc\u00e9nicas\u00a0"},"content":{"rendered":"<p class=\"wp-block-paragraph\">Una propuesta que va m\u00e1s all\u00e1 de una funci\u00f3n accesible: el Teatro desarrolla dispositivos espec\u00edficos para que personas con distintas discapacidades puedan anticipar, explorar y vivir la experiencia teatral.\u00a0<\/p>\n\n\n\n<p class=\"wp-block-paragraph\">El Teatro del Bicentenario, dependiente del Ministerio de Turismo, Cultura y Deporte, desarrollar\u00e1 en el marco de Moliendo a Moli\u00e8re, producci\u00f3n integral de la instituci\u00f3n con libro y direcci\u00f3n de Emiliano Dionisi, una serie de dispositivos y experiencias accesibles especialmente dise\u00f1ados para distintos p\u00fablicos.&nbsp;<\/p>\n\n\n\n<p class=\"wp-block-paragraph\">La propuesta parte de una idea: la accesibilidad no comienza cuando se levanta el tel\u00f3n.&nbsp;<\/p>\n\n\n\n<p class=\"wp-block-paragraph\">Por eso, el Teatro no se limita a adaptar una funci\u00f3n, sino que desarrolla diferentes dispositivos alrededor de la experiencia esc\u00e9nica, teniendo en cuenta las necesidades de cada p\u00fablico.&nbsp;<\/p>\n\n\n\n<p class=\"wp-block-paragraph\">Estos dispositivos permiten anticipar la experiencia, explorar el espacio y los elementos de la puesta, comprender diferentes aspectos de la obra y participar de manera activa, favoreciendo un acercamiento a las artes esc\u00e9nicas desde distintas formas de percepci\u00f3n y comunicaci\u00f3n.&nbsp;<\/p>\n\n\n\n<p class=\"wp-block-paragraph\">Se trata de una propuesta que busca ampliar las formas posibles de vivir el teatro, generando condiciones para que m\u00e1s personas puedan acercarse, disfrutar y participar de una experiencia art\u00edstica.&nbsp;<\/p>\n\n\n\n<p class=\"wp-block-paragraph\">Una experiencia diferente para cada necesidad&nbsp;<\/p>\n\n\n\n<p class=\"wp-block-paragraph\">La programaci\u00f3n comenzar\u00e1 el jueves 10 de septiembre, a las 15 h, con un ensayo general distendido, destinado a personas con Trastorno del Espectro Autista (TEA) y otras condiciones que requieren un entorno adaptado.<\/p>\n\n\n\n<p class=\"wp-block-paragraph\">&nbsp;En esta experiencia se implementar\u00e1n recursos espec\u00edficos para favorecer un entorno predecible, cuidado y confortable, con adecuaci\u00f3n de est\u00edmulos, organizaci\u00f3n de los espacios y recursos destinados a facilitar la regulaci\u00f3n durante la experiencia teatral.<\/p>\n\n\n\n<p class=\"wp-block-paragraph\">El martes 15 de septiembre, a las 15 h, se realizar\u00e1 una funci\u00f3n destinada a personas con discapacidad intelectual o del desarrollo.&nbsp;<\/p>\n\n\n\n<p class=\"wp-block-paragraph\">Al finalizar la funci\u00f3n, a las 16:30 h, tendr\u00e1 lugar un taller vivencial inclusivo, dise\u00f1ado como una instancia participativa vinculada con la obra y su universo esc\u00e9nico.&nbsp;<\/p>\n\n\n\n<p class=\"wp-block-paragraph\">A trav\u00e9s de la exploraci\u00f3n sensorial, los participantes podr\u00e1n acercarse a los personajes, la historia y diferentes elementos de la puesta en un entorno adaptado.&nbsp;<\/p>\n\n\n\n<p class=\"wp-block-paragraph\">El mi\u00e9rcoles 16 de septiembre, a las 15 h, se ofrecer\u00e1 una funci\u00f3n destinada a personas con discapacidad visual.&nbsp;<\/p>\n\n\n\n<p class=\"wp-block-paragraph\">La experiencia comenzar\u00e1 a las 14 h con una visita t\u00e1ctil sobre el escenario, en la que los participantes podr\u00e1n explorar mediante el tacto distintos elementos de la puesta, como la escenograf\u00eda, el vestuario y los objetos utilizados en escena.&nbsp;<\/p>\n\n\n\n<p class=\"wp-block-paragraph\">La actividad estar\u00e1 acompa\u00f1ada por m\u00fasicos y actores , que brindar\u00e1n informaci\u00f3n descriptiva para favorecer un acercamiento integral a la obra.&nbsp;<\/p>\n\n\n\n<p class=\"wp-block-paragraph\">Finalmente, el s\u00e1bado 19 de septiembre, a las 18 h, se realizar\u00e1 una funci\u00f3n destinada a personas con discapacidad auditiva, que contar\u00e1 con int\u00e9rpretes de Lengua de Se\u00f1as Argentina (LSA) y recursos adaptados para favorecer el acceso a la producci\u00f3n sin barreras comunicacionales.&nbsp;<\/p>\n\n\n\n<p class=\"wp-block-paragraph\">Accesibilidad como parte de la experiencia art\u00edstica&nbsp;<\/p>\n\n\n\n<p class=\"wp-block-paragraph\">Cada una de estas propuestas fue pensada desde las caracter\u00edsticas y necesidades de sus destinatarios.&nbsp;<\/p>\n\n\n\n<p class=\"wp-block-paragraph\">El objetivo no es solamente facilitar el ingreso a una sala, sino generar las condiciones para que cada persona pueda encontrarse con la obra, comprenderla, explorarla y disfrutarla desde sus propias posibilidades.&nbsp;<\/p>\n\n\n\n<p class=\"wp-block-paragraph\">Para el Teatro del Bicentenario, esto implica pensar la accesibilidad como parte de la experiencia art\u00edstica y no como un recurso agregado posteriormente.<\/p>\n\n\n\n<p class=\"wp-block-paragraph\">&nbsp;Moliendo a Moli\u00e8re propone, as\u00ed, distintas puertas de entrada al teatro. Porque ampliar el acceso a las artes esc\u00e9nicas tambi\u00e9n significa imaginar nuevas maneras de encontrarnos con ellas.&nbsp;<\/p>","protected":false},"excerpt":{"rendered":"<p>Una propuesta que va m\u00e1s all\u00e1 de una funci\u00f3n accesible: el Teatro desarrolla dispositivos espec\u00edficos para que personas con distintas discapacidades puedan anticipar, explorar y vivir la experiencia teatral.\u00a0 El Teatro del Bicentenario, dependiente del Ministerio de Turismo, Cultura y Deporte, desarrollar\u00e1 en el marco&#8230;<\/p>","protected":false},"author":22,"featured_media":28115,"comment_status":"closed","ping_status":"closed","sticky":false,"template":"","format":"standard","meta":{"h5ap_radio_sources":[],"footnotes":""},"categories":[99],"tags":[],"class_list":["post-28114","post","type-post","status-publish","format-standard","has-post-thumbnail","hentry","category-novedades"],"_links":{"self":[{"href":"https:\/\/www.teatrodelbicentenariosanjuan.org\/en\/wp-json\/wp\/v2\/posts\/28114","targetHints":{"allow":["GET"]}}],"collection":[{"href":"https:\/\/www.teatrodelbicentenariosanjuan.org\/en\/wp-json\/wp\/v2\/posts"}],"about":[{"href":"https:\/\/www.teatrodelbicentenariosanjuan.org\/en\/wp-json\/wp\/v2\/types\/post"}],"author":[{"embeddable":true,"href":"https:\/\/www.teatrodelbicentenariosanjuan.org\/en\/wp-json\/wp\/v2\/users\/22"}],"replies":[{"embeddable":true,"href":"https:\/\/www.teatrodelbicentenariosanjuan.org\/en\/wp-json\/wp\/v2\/comments?post=28114"}],"version-history":[{"count":1,"href":"https:\/\/www.teatrodelbicentenariosanjuan.org\/en\/wp-json\/wp\/v2\/posts\/28114\/revisions"}],"predecessor-version":[{"id":28116,"href":"https:\/\/www.teatrodelbicentenariosanjuan.org\/en\/wp-json\/wp\/v2\/posts\/28114\/revisions\/28116"}],"wp:featuredmedia":[{"embeddable":true,"href":"https:\/\/www.teatrodelbicentenariosanjuan.org\/en\/wp-json\/wp\/v2\/media\/28115"}],"wp:attachment":[{"href":"https:\/\/www.teatrodelbicentenariosanjuan.org\/en\/wp-json\/wp\/v2\/media?parent=28114"}],"wp:term":[{"taxonomy":"category","embeddable":true,"href":"https:\/\/www.teatrodelbicentenariosanjuan.org\/en\/wp-json\/wp\/v2\/categories?post=28114"},{"taxonomy":"post_tag","embeddable":true,"href":"https:\/\/www.teatrodelbicentenariosanjuan.org\/en\/wp-json\/wp\/v2\/tags?post=28114"}],"curies":[{"name":"wp","href":"https:\/\/api.w.org\/{rel}","templated":true}]}}